{"id":2128,"date":"2014-10-07T00:57:13","date_gmt":"2014-10-06T22:57:13","guid":{"rendered":"http:\/\/blogg.varldenidag.se\/musik\/?p=2128"},"modified":"2014-09-16T20:57:54","modified_gmt":"2014-09-16T18:57:54","slug":"skadespelaren-som-rockar-loss","status":"publish","type":"post","link":"http:\/\/blogg.varldenidag.se\/musik\/skadespelaren-som-rockar-loss\/","title":{"rendered":"Sk\u00e5despelaren som rockar loss"},"content":{"rendered":"<p>&#8221;M\u00e5nga str\u00e4ngar p\u00e5 sin lyra&#8221; m\u00e5 vara ett slitet uttryck, men f\u00f6r Kalifornska <strong>Eddie Guerrero <\/strong>st\u00e4mmer det bra. F\u00f6r sedan han var fem \u00e5r har han sk\u00e5despelat, b\u00e5de i TV-serier och filmer, men framf\u00f6rallt i reklamfilmer &#8211; f\u00f6r att n\u00e4mna n\u00e5gra uppdrag.<br \/>\nNu satsar dock <strong>Guerrero <\/strong>p\u00e5 en annan karri\u00e4r &#8211; musiken! Och ska man tro hans tv\u00e5 f\u00f6rsta singlar <em>&#8221;Walls&#8221; <\/em>och <em>&#8221;Waiting For You&#8221; <\/em>s\u00e5 \u00e4r \u00e4ven det ett omr\u00e5de han beh\u00e4rskar v\u00e4l. 38 000 personer f\u00f6ljer honom p\u00e5 Facebook, och singlarna har skapat en hel del snack i industrin. Nu \u00e5terst\u00e5r v\u00e4l att se om det blir mer musik eller om han \u00e5terv\u00e4nder till att st\u00e5 framf\u00f6r filmkamerorna&#8230;<\/p>\n<p><a href=\"https:\/\/glowingvibe.files.wordpress.com\/2014\/09\/dddda.png\"><img loading=\"lazy\" decoding=\"async\" class=\"size-full wp-image-1386 aligncenter\" src=\"http:\/\/glowingvibe.files.wordpress.com\/2014\/09\/dddda.png\" alt=\"dddda\" width=\"225\" height=\"225\" \/><\/a><\/p>\n","protected":false},"excerpt":{"rendered":"<p>&#8221;M\u00e5nga str\u00e4ngar p\u00e5 sin lyra&#8221; m\u00e5 vara ett slitet uttryck, men f\u00f6r Kalifornska Eddie Guerrero st\u00e4mmer det bra. F\u00f6r sedan han var fem \u00e5r har han sk\u00e5despelat, [&hellip;]<\/p>\n","protected":false},"author":15,"featured_media":0,"comment_status":"open","ping_status":"open","sticky":false,"template":"","format":"standard","meta":{"footnotes":"","_links_to":"","_links_to_target":""},"categories":[1],"tags":[],"class_list":["post-2128","post","type-post","status-publish","format-standard","hentry","category-musik"],"_links":{"self":[{"href":"http:\/\/blogg.varldenidag.se\/musik\/wp-json\/wp\/v2\/posts\/2128","targetHints":{"allow":["GET"]}}],"collection":[{"href":"http:\/\/blogg.varldenidag.se\/musik\/wp-json\/wp\/v2\/posts"}],"about":[{"href":"http:\/\/blogg.varldenidag.se\/musik\/wp-json\/wp\/v2\/types\/post"}],"author":[{"embeddable":true,"href":"http:\/\/blogg.varldenidag.se\/musik\/wp-json\/wp\/v2\/users\/15"}],"replies":[{"embeddable":true,"href":"http:\/\/blogg.varldenidag.se\/musik\/wp-json\/wp\/v2\/comments?post=2128"}],"version-history":[{"count":1,"href":"http:\/\/blogg.varldenidag.se\/musik\/wp-json\/wp\/v2\/posts\/2128\/revisions"}],"predecessor-version":[{"id":2129,"href":"http:\/\/blogg.varldenidag.se\/musik\/wp-json\/wp\/v2\/posts\/2128\/revisions\/2129"}],"wp:attachment":[{"href":"http:\/\/blogg.varldenidag.se\/musik\/wp-json\/wp\/v2\/media?parent=2128"}],"wp:term":[{"taxonomy":"category","embeddable":true,"href":"http:\/\/blogg.varldenidag.se\/musik\/wp-json\/wp\/v2\/categories?post=2128"},{"taxonomy":"post_tag","embeddable":true,"href":"http:\/\/blogg.varldenidag.se\/musik\/wp-json\/wp\/v2\/tags?post=2128"}],"curies":[{"name":"wp","href":"https:\/\/api.w.org\/{rel}","templated":true}]}}