{"id":2123,"date":"2014-10-01T00:28:20","date_gmt":"2014-09-30T22:28:20","guid":{"rendered":"http:\/\/blogg.varldenidag.se\/musik\/?p=2123"},"modified":"2014-09-16T20:45:19","modified_gmt":"2014-09-16T18:45:19","slug":"toppen-for-nya-hansam-laten","status":"publish","type":"post","link":"http:\/\/blogg.varldenidag.se\/musik\/toppen-for-nya-hansam-laten\/","title":{"rendered":"Toppen f\u00f6r nya Hansam-l\u00e5ten"},"content":{"rendered":"<p>Svenska favoriterna <strong>Hansam <\/strong>\u00e4r tillbaka. Och det med besked!<br \/>\nF\u00f6r deras nya l\u00e5t <em>&#8221;Det duger&#8221; <\/em>gjorde s\u00e5dan succ\u00e9 direkt den sl\u00e4pptes att den stormade upp p\u00e5 f\u00f6rstaplatsen p\u00e5 Itunes-listan i Sverige, och ligger i skrivande stund p\u00e5 plats fyra. Imponerande!<\/p>\n<p>D\u00e5 ska man beakta att alltihopa en g\u00e5ng i tiden b\u00f6rjade som ett skolprojek av\u00a0<strong>Hannes Perder\u00a0<\/strong>och <strong>Samuel Andersson<\/strong>.\u00a0Men sedan dess har de flitigt kuskat runt p\u00e5 festivaler och i kyrkor och har blivit favoriter hos m\u00e5nga. Med nio man p\u00e5 scen kan det knappast bli annat \u00e4n fest, och det f\u00f6rst\u00e5r man \u00e4ven av denna nya singel. Hitvarning!<\/p>\n<p><strong>Spotify-l\u00e4nk: <a href=\"http:\/\/open.spotify.com\/track\/5MmGMyh6PbwsKPG2QpZQ1W\"><span style=\"color: #0066cc\">Hansam \u2013 Det duger<\/span><\/a><\/strong><\/p>\n<p><a href=\"https:\/\/glowingvibe.files.wordpress.com\/2014\/09\/untitled2.png\"><img loading=\"lazy\" decoding=\"async\" class=\"size-full wp-image-1379 aligncenter\" src=\"http:\/\/glowingvibe.files.wordpress.com\/2014\/09\/untitled2.png\" alt=\"untitled2\" width=\"136\" height=\"136\" \/><\/a><\/p>\n","protected":false},"excerpt":{"rendered":"<p>Svenska favoriterna Hansam \u00e4r tillbaka. Och det med besked! F\u00f6r deras nya l\u00e5t &#8221;Det duger&#8221; gjorde s\u00e5dan succ\u00e9 direkt den sl\u00e4pptes att den stormade upp p\u00e5 f\u00f6rstaplatsen [&hellip;]<\/p>\n","protected":false},"author":15,"featured_media":0,"comment_status":"open","ping_status":"open","sticky":false,"template":"","format":"standard","meta":{"footnotes":"","_links_to":"","_links_to_target":""},"categories":[1],"tags":[],"class_list":["post-2123","post","type-post","status-publish","format-standard","hentry","category-musik"],"_links":{"self":[{"href":"http:\/\/blogg.varldenidag.se\/musik\/wp-json\/wp\/v2\/posts\/2123","targetHints":{"allow":["GET"]}}],"collection":[{"href":"http:\/\/blogg.varldenidag.se\/musik\/wp-json\/wp\/v2\/posts"}],"about":[{"href":"http:\/\/blogg.varldenidag.se\/musik\/wp-json\/wp\/v2\/types\/post"}],"author":[{"embeddable":true,"href":"http:\/\/blogg.varldenidag.se\/musik\/wp-json\/wp\/v2\/users\/15"}],"replies":[{"embeddable":true,"href":"http:\/\/blogg.varldenidag.se\/musik\/wp-json\/wp\/v2\/comments?post=2123"}],"version-history":[{"count":1,"href":"http:\/\/blogg.varldenidag.se\/musik\/wp-json\/wp\/v2\/posts\/2123\/revisions"}],"predecessor-version":[{"id":2124,"href":"http:\/\/blogg.varldenidag.se\/musik\/wp-json\/wp\/v2\/posts\/2123\/revisions\/2124"}],"wp:attachment":[{"href":"http:\/\/blogg.varldenidag.se\/musik\/wp-json\/wp\/v2\/media?parent=2123"}],"wp:term":[{"taxonomy":"category","embeddable":true,"href":"http:\/\/blogg.varldenidag.se\/musik\/wp-json\/wp\/v2\/categories?post=2123"},{"taxonomy":"post_tag","embeddable":true,"href":"http:\/\/blogg.varldenidag.se\/musik\/wp-json\/wp\/v2\/tags?post=2123"}],"curies":[{"name":"wp","href":"https:\/\/api.w.org\/{rel}","templated":true}]}}