{"id":2121,"date":"2014-09-28T00:21:46","date_gmt":"2014-09-27T22:21:46","guid":{"rendered":"http:\/\/blogg.varldenidag.se\/musik\/?p=2121"},"modified":"2014-09-16T20:22:02","modified_gmt":"2014-09-16T18:22:02","slug":"vackra-visor-pa-svenska","status":"publish","type":"post","link":"http:\/\/blogg.varldenidag.se\/musik\/vackra-visor-pa-svenska\/","title":{"rendered":"Vackra visor p\u00e5 svenska"},"content":{"rendered":"<p>Nio \u00e5r &#8211; fem skivor.<br \/>\nDen svenske s\u00e5ngaren <strong>Michael Johnson <\/strong>har g\u00e5ng p\u00e5 g\u00e5ng levererat riktigt bra musik p\u00e5 svenska, och hans nya skiva <em>&#8221;P\u00e5 Andra Sidan Av En Storm&#8221; <\/em>\u00e4r inget undantag. Han f\u00e5r det att framst\u00e5 s\u00e5 enkelt att skriva vacker musik p\u00e5 svenska, och l\u00e5ter sina fina texter lindas in i finst\u00e4mda, n\u00e5got l\u00e5gm\u00e4lda arrangemang. Riktigt bra!<\/p>\n<p><strong>Spotify-l\u00e4nk: <a href=\"http:\/\/open.spotify.com\/track\/6qqEqcWFeXb6rWB0uR0qR5\"><span style=\"color: #0066cc\">Michael Johnson \u2013 H\u00e4r kommer s\u00e5ngerna igen<\/span><\/a><\/strong><br \/>\n<strong>Youtube-l\u00e4nk: <\/strong>http:\/\/www.youtube.com\/watch?v=aBQKvKoA0cE<\/p>\n<p><a href=\"https:\/\/glowingvibe.files.wordpress.com\/2014\/09\/untitled.png\"><img loading=\"lazy\" decoding=\"async\" class=\"size-medium wp-image-1376 aligncenter\" src=\"http:\/\/glowingvibe.files.wordpress.com\/2014\/09\/untitled.png?w=300\" alt=\"untitled\" width=\"300\" height=\"162\" \/><\/a><\/p>\n","protected":false},"excerpt":{"rendered":"<p>Nio \u00e5r &#8211; fem skivor. Den svenske s\u00e5ngaren Michael Johnson har g\u00e5ng p\u00e5 g\u00e5ng levererat riktigt bra musik p\u00e5 svenska, och hans nya skiva &#8221;P\u00e5 Andra Sidan [&hellip;]<\/p>\n","protected":false},"author":15,"featured_media":0,"comment_status":"open","ping_status":"open","sticky":false,"template":"","format":"standard","meta":{"footnotes":"","_links_to":"","_links_to_target":""},"categories":[1],"tags":[],"class_list":["post-2121","post","type-post","status-publish","format-standard","hentry","category-musik"],"_links":{"self":[{"href":"http:\/\/blogg.varldenidag.se\/musik\/wp-json\/wp\/v2\/posts\/2121","targetHints":{"allow":["GET"]}}],"collection":[{"href":"http:\/\/blogg.varldenidag.se\/musik\/wp-json\/wp\/v2\/posts"}],"about":[{"href":"http:\/\/blogg.varldenidag.se\/musik\/wp-json\/wp\/v2\/types\/post"}],"author":[{"embeddable":true,"href":"http:\/\/blogg.varldenidag.se\/musik\/wp-json\/wp\/v2\/users\/15"}],"replies":[{"embeddable":true,"href":"http:\/\/blogg.varldenidag.se\/musik\/wp-json\/wp\/v2\/comments?post=2121"}],"version-history":[{"count":1,"href":"http:\/\/blogg.varldenidag.se\/musik\/wp-json\/wp\/v2\/posts\/2121\/revisions"}],"predecessor-version":[{"id":2122,"href":"http:\/\/blogg.varldenidag.se\/musik\/wp-json\/wp\/v2\/posts\/2121\/revisions\/2122"}],"wp:attachment":[{"href":"http:\/\/blogg.varldenidag.se\/musik\/wp-json\/wp\/v2\/media?parent=2121"}],"wp:term":[{"taxonomy":"category","embeddable":true,"href":"http:\/\/blogg.varldenidag.se\/musik\/wp-json\/wp\/v2\/categories?post=2121"},{"taxonomy":"post_tag","embeddable":true,"href":"http:\/\/blogg.varldenidag.se\/musik\/wp-json\/wp\/v2\/tags?post=2121"}],"curies":[{"name":"wp","href":"https:\/\/api.w.org\/{rel}","templated":true}]}}