{"id":2105,"date":"2014-09-14T00:59:17","date_gmt":"2014-09-13T22:59:17","guid":{"rendered":"http:\/\/blogg.varldenidag.se\/musik\/?p=2105"},"modified":"2014-08-26T20:59:25","modified_gmt":"2014-08-26T18:59:25","slug":"vardstedt-imponerar","status":"publish","type":"post","link":"http:\/\/blogg.varldenidag.se\/musik\/vardstedt-imponerar\/","title":{"rendered":"V\u00e5rdstedt imponerar"},"content":{"rendered":"<p>Veteran \u00e4r v\u00e4l antagligen ett ord som passar ganska bra in p\u00e5 <strong>Clas V\u00e5rdstedt, <\/strong>som varit aktiv i musikv\u00e4rlden i 25 \u00e5r just i \u00e5r. G\u00e5ng p\u00e5 g\u00e5ng presterar han riktigt bra, svensk musik, men n\u00e4r han i v\u00e5ras sl\u00e4ppte en ny skiva finns det flera anledningar att k\u00f6pa och st\u00f6dja skivan. F\u00f6r skivan <em>&#8221;F\u00f6rlorar jag dig, f\u00f6rlorar jag allt&#8221; <\/em>l\u00e5ter han fungera som ett insamlingsorgan d\u00e4r alla int\u00e4kter g\u00e5r till <strong><\/strong>Compassions arbete ute i v\u00e4rlden. Stort!<\/p>\n<p>Att det sedan \u00e4r en skiva fylld med fantastiska l\u00e5tar, som \u00e4r b\u00e5de genomarbetade, djupa och lyssningsv\u00e4rda&#8230;tja, det g\u00f6r ju inte det hela s\u00e4mre! Det \u00e4r samtida psalmer och l\u00e5talster som ber\u00f6r, texter med\u00a0djup och en helhet\u00a0som f\u00e5r dig att vilja lyssna igen och igen.\u00a0S\u00e5 v\u00e4nta inte&#8230;k\u00f6p skivan idag eller lyssna p\u00e5 Spotify!<\/p>\n<p><strong>Spotify-l\u00e4nk: <a href=\"http:\/\/open.spotify.com\/album\/46Ersg283pnzZiwJut2NKY\">Clas Vardstedt \u2013 F\u00f6rlorar jag Dig f\u00f6rlorar jag allt<\/a><\/strong><\/p>\n<p><a href=\"https:\/\/glowingvibe.files.wordpress.com\/2014\/08\/untitled33.png\"><img loading=\"lazy\" decoding=\"async\" class=\"aligncenter\" alt=\"untitled33\" src=\"http:\/\/glowingvibe.files.wordpress.com\/2014\/08\/untitled33.png\" width=\"183\" height=\"275\" \/><\/a><\/p>\n","protected":false},"excerpt":{"rendered":"<p>Veteran \u00e4r v\u00e4l antagligen ett ord som passar ganska bra in p\u00e5 Clas V\u00e5rdstedt, som varit aktiv i musikv\u00e4rlden i 25 \u00e5r just i \u00e5r. G\u00e5ng p\u00e5 [&hellip;]<\/p>\n","protected":false},"author":15,"featured_media":0,"comment_status":"open","ping_status":"open","sticky":false,"template":"","format":"standard","meta":{"footnotes":"","_links_to":"","_links_to_target":""},"categories":[1],"tags":[],"class_list":["post-2105","post","type-post","status-publish","format-standard","hentry","category-musik"],"_links":{"self":[{"href":"http:\/\/blogg.varldenidag.se\/musik\/wp-json\/wp\/v2\/posts\/2105","targetHints":{"allow":["GET"]}}],"collection":[{"href":"http:\/\/blogg.varldenidag.se\/musik\/wp-json\/wp\/v2\/posts"}],"about":[{"href":"http:\/\/blogg.varldenidag.se\/musik\/wp-json\/wp\/v2\/types\/post"}],"author":[{"embeddable":true,"href":"http:\/\/blogg.varldenidag.se\/musik\/wp-json\/wp\/v2\/users\/15"}],"replies":[{"embeddable":true,"href":"http:\/\/blogg.varldenidag.se\/musik\/wp-json\/wp\/v2\/comments?post=2105"}],"version-history":[{"count":1,"href":"http:\/\/blogg.varldenidag.se\/musik\/wp-json\/wp\/v2\/posts\/2105\/revisions"}],"predecessor-version":[{"id":2106,"href":"http:\/\/blogg.varldenidag.se\/musik\/wp-json\/wp\/v2\/posts\/2105\/revisions\/2106"}],"wp:attachment":[{"href":"http:\/\/blogg.varldenidag.se\/musik\/wp-json\/wp\/v2\/media?parent=2105"}],"wp:term":[{"taxonomy":"category","embeddable":true,"href":"http:\/\/blogg.varldenidag.se\/musik\/wp-json\/wp\/v2\/categories?post=2105"},{"taxonomy":"post_tag","embeddable":true,"href":"http:\/\/blogg.varldenidag.se\/musik\/wp-json\/wp\/v2\/tags?post=2105"}],"curies":[{"name":"wp","href":"https:\/\/api.w.org\/{rel}","templated":true}]}}