{"id":2099,"date":"2014-09-03T00:57:30","date_gmt":"2014-09-02T22:57:30","guid":{"rendered":"http:\/\/blogg.varldenidag.se\/musik\/?p=2099"},"modified":"2014-08-26T20:57:41","modified_gmt":"2014-08-26T18:57:41","slug":"debutskiva-fran-jonkoping","status":"publish","type":"post","link":"http:\/\/blogg.varldenidag.se\/musik\/debutskiva-fran-jonkoping\/","title":{"rendered":"Debutskiva fr\u00e5n J\u00f6nk\u00f6ping"},"content":{"rendered":"<p><strong>Sofie Alexandersson <\/strong>\u00e4r J\u00f6nk\u00f6pings-tjejen med k\u00e4nsla f\u00f6r att skriva riktigt bra singer\/songwriter-musik. I v\u00e5ras tipsade vi om hennes sk\u00f6na debutsingel <em>&#8221;Who We Are&#8221;<\/em>, som hon nu f\u00f6ljt upp med ett helt album.<\/p>\n<p>Uppenbart \u00e4r att det inte sparats p\u00e5 k\u00e4nsla n\u00e4r det kommer till arrangemangen, det k\u00e4nns genomarbetat och l\u00e5tarna k\u00e4nns \u00e4kta. Den h\u00e4r tjejen har n\u00e5got att s\u00e4ga, och jag har en k\u00e4nsla av att det finns \u00e4nnu mer inom henne att ge, s\u00e5 l\u00e4gg namnet p\u00e5 minnet \u00e4ven f\u00f6r framtiden!<\/p>\n<p>Personlig favorit? <em>&#8221;Summer Day&#8221;!<\/em><\/p>\n<p><strong>Spotify-l\u00e4nk: <a href=\"http:\/\/open.spotify.com\/album\/1RO4AbjOmm2O5WiqQqXDce\">Sofie Alexandersson \u2013 Who We Are<\/a><\/strong><\/p>\n<p><a href=\"http:\/\/glowingvibe.files.wordpress.com\/2014\/04\/888174646374_170x170-75.jpg\"><img loading=\"lazy\" decoding=\"async\" class=\"aligncenter\" alt=\"888174646374_170x170-75\" src=\"http:\/\/glowingvibe.files.wordpress.com\/2014\/04\/888174646374_170x170-75.jpg\" width=\"170\" height=\"170\" \/><\/a><\/p>\n","protected":false},"excerpt":{"rendered":"<p>Sofie Alexandersson \u00e4r J\u00f6nk\u00f6pings-tjejen med k\u00e4nsla f\u00f6r att skriva riktigt bra singer\/songwriter-musik. I v\u00e5ras tipsade vi om hennes sk\u00f6na debutsingel &#8221;Who We Are&#8221;, som hon nu f\u00f6ljt [&hellip;]<\/p>\n","protected":false},"author":15,"featured_media":0,"comment_status":"open","ping_status":"open","sticky":false,"template":"","format":"standard","meta":{"footnotes":"","_links_to":"","_links_to_target":""},"categories":[1],"tags":[],"class_list":["post-2099","post","type-post","status-publish","format-standard","hentry","category-musik"],"_links":{"self":[{"href":"http:\/\/blogg.varldenidag.se\/musik\/wp-json\/wp\/v2\/posts\/2099","targetHints":{"allow":["GET"]}}],"collection":[{"href":"http:\/\/blogg.varldenidag.se\/musik\/wp-json\/wp\/v2\/posts"}],"about":[{"href":"http:\/\/blogg.varldenidag.se\/musik\/wp-json\/wp\/v2\/types\/post"}],"author":[{"embeddable":true,"href":"http:\/\/blogg.varldenidag.se\/musik\/wp-json\/wp\/v2\/users\/15"}],"replies":[{"embeddable":true,"href":"http:\/\/blogg.varldenidag.se\/musik\/wp-json\/wp\/v2\/comments?post=2099"}],"version-history":[{"count":1,"href":"http:\/\/blogg.varldenidag.se\/musik\/wp-json\/wp\/v2\/posts\/2099\/revisions"}],"predecessor-version":[{"id":2100,"href":"http:\/\/blogg.varldenidag.se\/musik\/wp-json\/wp\/v2\/posts\/2099\/revisions\/2100"}],"wp:attachment":[{"href":"http:\/\/blogg.varldenidag.se\/musik\/wp-json\/wp\/v2\/media?parent=2099"}],"wp:term":[{"taxonomy":"category","embeddable":true,"href":"http:\/\/blogg.varldenidag.se\/musik\/wp-json\/wp\/v2\/categories?post=2099"},{"taxonomy":"post_tag","embeddable":true,"href":"http:\/\/blogg.varldenidag.se\/musik\/wp-json\/wp\/v2\/tags?post=2099"}],"curies":[{"name":"wp","href":"https:\/\/api.w.org\/{rel}","templated":true}]}}