{"id":2093,"date":"2014-09-05T00:57:48","date_gmt":"2014-09-04T22:57:48","guid":{"rendered":"http:\/\/blogg.varldenidag.se\/musik\/?p=2093"},"modified":"2014-08-26T20:57:57","modified_gmt":"2014-08-26T18:57:57","slug":"hostens-stora-hit","status":"publish","type":"post","link":"http:\/\/blogg.varldenidag.se\/musik\/hostens-stora-hit\/","title":{"rendered":"H\u00f6stens stora hit?"},"content":{"rendered":"<p>F\u00f6r drygt tv\u00e5 \u00e5r sedan skrev vi h\u00e4r p\u00e5 bloggen att duon <strong>For King &amp; Country <\/strong>mycket v\u00e4l kunde vara det n\u00e4sta stora p\u00e5 den kristna musikscenen. Och nog g\u00e5r det inte att s\u00e4ga annat \u00e4n att det g\u00e5tt riktigt bra f\u00f6r bandet sedan dess!<\/p>\n<p>De tv\u00e5 br\u00f6derna Joel och Luke l\u00e4mnade hemlandet Australien f\u00f6r att satsa p\u00e5 musiken i Nashville, och har sannerligen lyckats. Efter &#8217;Light It Up&#8217;, som vi tipsade om i april 2012, har bandet haft flera framg\u00e5ngar. Men fr\u00e5gan \u00e4r om inte deras nya hit <em>&#8221;Fix My Eyes&#8221; <\/em>\u00e4r deras st\u00f6rsta s\u00e5h\u00e4r l\u00e5ngt. Det \u00e4r en riktigt trallv\u00e4nlig popraket som br\u00f6derna bjuder p\u00e5, och som har tagit bandet till toppen p\u00e5 flera radiolistor i USA, och som \u00e4ven kl\u00e4ttrar p\u00e5 f\u00f6rs\u00e4ljningslistorna. \u00d6ver 500 000 lyssningar p\u00e5 Youtube\u00a0och n\u00e4stan lika m\u00e5nga p\u00e5 Spotify s\u00e4ger ocks\u00e5 en del. H\u00f6stens stora hit?<\/p>\n<p><strong>Spotify-l\u00e4nk: <a href=\"http:\/\/open.spotify.com\/track\/4QaLmkr3HvMQBYcEhu5BLQ\">for King &amp; Country \u2013 Fix My Eyes<\/a><br \/>\n<\/strong><strong>Youtube-l\u00e4nk: <\/strong>https:\/\/www.youtube.com\/watch?v=Yd2we03Sy4I<\/p>\n<p><a href=\"https:\/\/glowingvibe.files.wordpress.com\/2014\/08\/untitled.png\"><img loading=\"lazy\" decoding=\"async\" class=\"aligncenter\" alt=\"untitled\" src=\"http:\/\/glowingvibe.files.wordpress.com\/2014\/08\/untitled.png\" width=\"225\" height=\"225\" \/><\/a><\/p>\n","protected":false},"excerpt":{"rendered":"<p>F\u00f6r drygt tv\u00e5 \u00e5r sedan skrev vi h\u00e4r p\u00e5 bloggen att duon For King &amp; Country mycket v\u00e4l kunde vara det n\u00e4sta stora p\u00e5 den kristna musikscenen. [&hellip;]<\/p>\n","protected":false},"author":15,"featured_media":0,"comment_status":"open","ping_status":"open","sticky":false,"template":"","format":"standard","meta":{"footnotes":"","_links_to":"","_links_to_target":""},"categories":[1],"tags":[],"class_list":["post-2093","post","type-post","status-publish","format-standard","hentry","category-musik"],"_links":{"self":[{"href":"http:\/\/blogg.varldenidag.se\/musik\/wp-json\/wp\/v2\/posts\/2093","targetHints":{"allow":["GET"]}}],"collection":[{"href":"http:\/\/blogg.varldenidag.se\/musik\/wp-json\/wp\/v2\/posts"}],"about":[{"href":"http:\/\/blogg.varldenidag.se\/musik\/wp-json\/wp\/v2\/types\/post"}],"author":[{"embeddable":true,"href":"http:\/\/blogg.varldenidag.se\/musik\/wp-json\/wp\/v2\/users\/15"}],"replies":[{"embeddable":true,"href":"http:\/\/blogg.varldenidag.se\/musik\/wp-json\/wp\/v2\/comments?post=2093"}],"version-history":[{"count":1,"href":"http:\/\/blogg.varldenidag.se\/musik\/wp-json\/wp\/v2\/posts\/2093\/revisions"}],"predecessor-version":[{"id":2094,"href":"http:\/\/blogg.varldenidag.se\/musik\/wp-json\/wp\/v2\/posts\/2093\/revisions\/2094"}],"wp:attachment":[{"href":"http:\/\/blogg.varldenidag.se\/musik\/wp-json\/wp\/v2\/media?parent=2093"}],"wp:term":[{"taxonomy":"category","embeddable":true,"href":"http:\/\/blogg.varldenidag.se\/musik\/wp-json\/wp\/v2\/categories?post=2093"},{"taxonomy":"post_tag","embeddable":true,"href":"http:\/\/blogg.varldenidag.se\/musik\/wp-json\/wp\/v2\/tags?post=2093"}],"curies":[{"name":"wp","href":"https:\/\/api.w.org\/{rel}","templated":true}]}}