{"id":2082,"date":"2014-06-25T00:18:53","date_gmt":"2014-06-24T22:18:53","guid":{"rendered":"http:\/\/blogg.varldenidag.se\/musik\/?p=2082"},"modified":"2014-06-06T22:26:38","modified_gmt":"2014-06-06T20:26:38","slug":"en-smattrande-sommarhalsning","status":"publish","type":"post","link":"http:\/\/blogg.varldenidag.se\/musik\/en-smattrande-sommarhalsning\/","title":{"rendered":"En smattrande sommarh\u00e4lsning"},"content":{"rendered":"<p>Sommaren \u00e4r redan h\u00e4r och f\u00f6r de flesta ligger antingen semester framf\u00f6r f\u00f6tterna eller andra halvan av sommarlovet. \u00c4ven denna blogg tar ett sommaruppeh\u00e5ll, och vad passar v\u00e4l inte d\u00e5 b\u00e4ttre \u00e4n att skicka med en liten sommarh\u00e4lsning?<br \/>\nAmerikanska essen <strong>Rend Collective <\/strong>\u00e4r det som f\u00e5r skicka ut budskapet genom sin l\u00e5t <em>&#8221;Build Your Kingdom Here&#8221;. <\/em>B\u00e5de det smattrande <strong>Mumford&amp;Sons-<\/strong>osande arrangemanget och hela andemeningen i l\u00e5ten tycker jag kan f\u00e5 st\u00e5 som en h\u00e4lsning och b\u00f6n\u00a0f\u00f6r denna sommar.<\/p>\n<p><em>&#8221;L<em>et the darkness fear, heal our streets and land. <\/em>Set your Church on fire, chance the atmosphere, build your kingdom here&#8221; .<\/em><\/p>\n<p>&nbsp;<\/p>\n<p><strong>Spotify-l\u00e4nk: <a href=\"http:\/\/open.spotify.com\/track\/6ntyEDNigtyjxLTlicYwEv\">Rend Collective \u2013 Build Your Kingdom Here<\/a><br \/>\nYoutube-l\u00e4nk: <\/strong>http:\/\/www.youtube.com\/watch?v=sbdJXKqVgt<\/p>\n<p><a href=\"https:\/\/glowingvibe.files.wordpress.com\/2014\/06\/1359820735_36bd1ca6deb7.jpg\"><img loading=\"lazy\" decoding=\"async\" class=\"aligncenter\" alt=\"1359820735_36bd1ca6deb7\" src=\"http:\/\/glowingvibe.files.wordpress.com\/2014\/06\/1359820735_36bd1ca6deb7.jpg?w=300\" width=\"300\" height=\"270\" \/><\/a><\/p>\n","protected":false},"excerpt":{"rendered":"<p>Sommaren \u00e4r redan h\u00e4r och f\u00f6r de flesta ligger antingen semester framf\u00f6r f\u00f6tterna eller andra halvan av sommarlovet. \u00c4ven denna blogg tar ett sommaruppeh\u00e5ll, och vad passar [&hellip;]<\/p>\n","protected":false},"author":15,"featured_media":0,"comment_status":"open","ping_status":"open","sticky":false,"template":"","format":"standard","meta":{"footnotes":"","_links_to":"","_links_to_target":""},"categories":[1],"tags":[],"class_list":["post-2082","post","type-post","status-publish","format-standard","hentry","category-musik"],"_links":{"self":[{"href":"http:\/\/blogg.varldenidag.se\/musik\/wp-json\/wp\/v2\/posts\/2082","targetHints":{"allow":["GET"]}}],"collection":[{"href":"http:\/\/blogg.varldenidag.se\/musik\/wp-json\/wp\/v2\/posts"}],"about":[{"href":"http:\/\/blogg.varldenidag.se\/musik\/wp-json\/wp\/v2\/types\/post"}],"author":[{"embeddable":true,"href":"http:\/\/blogg.varldenidag.se\/musik\/wp-json\/wp\/v2\/users\/15"}],"replies":[{"embeddable":true,"href":"http:\/\/blogg.varldenidag.se\/musik\/wp-json\/wp\/v2\/comments?post=2082"}],"version-history":[{"count":1,"href":"http:\/\/blogg.varldenidag.se\/musik\/wp-json\/wp\/v2\/posts\/2082\/revisions"}],"predecessor-version":[{"id":2083,"href":"http:\/\/blogg.varldenidag.se\/musik\/wp-json\/wp\/v2\/posts\/2082\/revisions\/2083"}],"wp:attachment":[{"href":"http:\/\/blogg.varldenidag.se\/musik\/wp-json\/wp\/v2\/media?parent=2082"}],"wp:term":[{"taxonomy":"category","embeddable":true,"href":"http:\/\/blogg.varldenidag.se\/musik\/wp-json\/wp\/v2\/categories?post=2082"},{"taxonomy":"post_tag","embeddable":true,"href":"http:\/\/blogg.varldenidag.se\/musik\/wp-json\/wp\/v2\/tags?post=2082"}],"curies":[{"name":"wp","href":"https:\/\/api.w.org\/{rel}","templated":true}]}}