{"id":2077,"date":"2014-06-21T00:10:35","date_gmt":"2014-06-20T22:10:35","guid":{"rendered":"http:\/\/blogg.varldenidag.se\/musik\/?p=2077"},"modified":"2014-06-06T22:10:54","modified_gmt":"2014-06-06T20:10:54","slug":"anberlins-sista-nedrakning","status":"publish","type":"post","link":"http:\/\/blogg.varldenidag.se\/musik\/anberlins-sista-nedrakning\/","title":{"rendered":"Anberlins sista nedr\u00e4kning"},"content":{"rendered":"<p>12 \u00e5r har g\u00e5tt. Inte en j\u00e4ttel\u00e5ng tid i musikens v\u00e4rld, men tillr\u00e4ckligt l\u00e4nge f\u00f6r amerikanska alternativ-rockarna <strong>Anberlin <\/strong>som nu best\u00e4mt sig f\u00f6r att sluta. 22:a juli sl\u00e4pps deras sista album, och en sista turn\u00e9 ska nu avklaras (bl.a. med stopp p\u00e5 Frizon i \u00d6rebro). N\u00e5got\u00a0\u00f6desm\u00e4ttat ligger det \u00f6ver nya singeln <em>&#8221;Stranger Ways&#8221; <\/em>och hela grejen med att de nu r\u00e4knar ner till sitt slut. F\u00f6r <strong>Anberlin <\/strong>har faktiskt tagit sig l\u00e4ngre \u00e4n nog m\u00e5nga tror, och fankretsen \u00e4r l\u00e5ngt mycket st\u00f6rre \u00e4n bara &#8217;n\u00e4rmast s\u00f6rjande&#8217;.<\/p>\n<p>Lyssna p\u00e5 <em>&#8221;Stranger Ways&#8221; <\/em>och ladda f\u00f6r b\u00e5de sista skivan och sista Sverigespelningen!<\/p>\n<p><strong>Spotify-l\u00e4nk: <a href=\"http:\/\/open.spotify.com\/track\/7CzScOmMuvAen51IeZ9QGw\">Anberlin \u2013 Stranger Ways<\/a><br \/>\n<\/strong><strong>Youtube-l\u00e4nk: <\/strong>http:\/\/www.youtube.com\/watch?v=F1G6qRQYu0U<\/p>\n<p><a href=\"https:\/\/glowingvibe.files.wordpress.com\/2014\/06\/bfefc82f5976a290473a4fe159b45b27.jpg\"><img loading=\"lazy\" decoding=\"async\" class=\"aligncenter\" alt=\"bfefc82f5976a290473a4fe159b45b27\" src=\"http:\/\/glowingvibe.files.wordpress.com\/2014\/06\/bfefc82f5976a290473a4fe159b45b27.jpg?w=300\" width=\"300\" height=\"300\" \/><\/a><\/p>\n","protected":false},"excerpt":{"rendered":"<p>12 \u00e5r har g\u00e5tt. Inte en j\u00e4ttel\u00e5ng tid i musikens v\u00e4rld, men tillr\u00e4ckligt l\u00e4nge f\u00f6r amerikanska alternativ-rockarna Anberlin som nu best\u00e4mt sig f\u00f6r att sluta. 22:a juli [&hellip;]<\/p>\n","protected":false},"author":15,"featured_media":0,"comment_status":"open","ping_status":"open","sticky":false,"template":"","format":"standard","meta":{"footnotes":"","_links_to":"","_links_to_target":""},"categories":[1],"tags":[],"class_list":["post-2077","post","type-post","status-publish","format-standard","hentry","category-musik"],"_links":{"self":[{"href":"http:\/\/blogg.varldenidag.se\/musik\/wp-json\/wp\/v2\/posts\/2077","targetHints":{"allow":["GET"]}}],"collection":[{"href":"http:\/\/blogg.varldenidag.se\/musik\/wp-json\/wp\/v2\/posts"}],"about":[{"href":"http:\/\/blogg.varldenidag.se\/musik\/wp-json\/wp\/v2\/types\/post"}],"author":[{"embeddable":true,"href":"http:\/\/blogg.varldenidag.se\/musik\/wp-json\/wp\/v2\/users\/15"}],"replies":[{"embeddable":true,"href":"http:\/\/blogg.varldenidag.se\/musik\/wp-json\/wp\/v2\/comments?post=2077"}],"version-history":[{"count":1,"href":"http:\/\/blogg.varldenidag.se\/musik\/wp-json\/wp\/v2\/posts\/2077\/revisions"}],"predecessor-version":[{"id":2078,"href":"http:\/\/blogg.varldenidag.se\/musik\/wp-json\/wp\/v2\/posts\/2077\/revisions\/2078"}],"wp:attachment":[{"href":"http:\/\/blogg.varldenidag.se\/musik\/wp-json\/wp\/v2\/media?parent=2077"}],"wp:term":[{"taxonomy":"category","embeddable":true,"href":"http:\/\/blogg.varldenidag.se\/musik\/wp-json\/wp\/v2\/categories?post=2077"},{"taxonomy":"post_tag","embeddable":true,"href":"http:\/\/blogg.varldenidag.se\/musik\/wp-json\/wp\/v2\/tags?post=2077"}],"curies":[{"name":"wp","href":"https:\/\/api.w.org\/{rel}","templated":true}]}}