{"id":2075,"date":"2014-06-18T00:53:24","date_gmt":"2014-06-17T22:53:24","guid":{"rendered":"http:\/\/blogg.varldenidag.se\/musik\/?p=2075"},"modified":"2014-06-06T22:04:02","modified_gmt":"2014-06-06T20:04:02","slug":"selah-slapper-nytt","status":"publish","type":"post","link":"http:\/\/blogg.varldenidag.se\/musik\/selah-slapper-nytt\/","title":{"rendered":"Selah sl\u00e4pper nytt"},"content":{"rendered":"<p>Hela 15 \u00e5r har g\u00e5tt sedan <strong>Selah<\/strong>&#8217;s f\u00f6rsta platta s\u00e5g v\u00e4rldens ljus. Sedan dess har de radat upp en hel del framg\u00e5ngar och samlat ihop sig en stapel med fem Dove Awards-vinster att placera i sin replokal hemma i Nashville.<br \/>\nNu \u00e4r trions\u00a0tionde album p\u00e5 v\u00e4g, och blir deras f\u00f6rsta sedan 2011. Skivan lanseras av <em>&#8221;You Amaze Us&#8221;, <\/em>en ganska lugn och samlad lovs\u00e5ngsballad som \u00f6kar sitt grepp med antalet lyssningar. Nu \u00e5terst\u00e5r fr\u00e5gan &#8211; leder nya plattan till en sj\u00e4tte Dove-seger?<\/p>\n<p><strong>Spotify-l\u00e4nk: <a href=\"http:\/\/open.spotify.com\/track\/7hwTMmKqBgCvNXyQANoWKo\">Selah \u2013 You Amaze Us<\/a><br \/>\n<\/strong><strong>Youtube-l\u00e4nk: <\/strong>http:\/\/www.youtube.com\/watch?v=gzfKhKf9Pig<\/p>\n<p><a href=\"https:\/\/glowingvibe.files.wordpress.com\/2014\/06\/you-amaze-us.jpg\">\u00a0<\/a><\/p>\n<p><a href=\"https:\/\/glowingvibe.files.wordpress.com\/2014\/06\/you-amaze-us.jpg\"><img loading=\"lazy\" decoding=\"async\" class=\"aligncenter\" alt=\"CD_F2-1\" src=\"http:\/\/glowingvibe.files.wordpress.com\/2014\/06\/you-amaze-us.jpg?w=300\" width=\"300\" height=\"300\" \/><\/a><\/p>\n<p>&nbsp;<\/p>\n","protected":false},"excerpt":{"rendered":"<p>Hela 15 \u00e5r har g\u00e5tt sedan Selah&#8217;s f\u00f6rsta platta s\u00e5g v\u00e4rldens ljus. Sedan dess har de radat upp en hel del framg\u00e5ngar och samlat ihop sig en [&hellip;]<\/p>\n","protected":false},"author":15,"featured_media":0,"comment_status":"open","ping_status":"open","sticky":false,"template":"","format":"standard","meta":{"footnotes":"","_links_to":"","_links_to_target":""},"categories":[1],"tags":[],"class_list":["post-2075","post","type-post","status-publish","format-standard","hentry","category-musik"],"_links":{"self":[{"href":"http:\/\/blogg.varldenidag.se\/musik\/wp-json\/wp\/v2\/posts\/2075","targetHints":{"allow":["GET"]}}],"collection":[{"href":"http:\/\/blogg.varldenidag.se\/musik\/wp-json\/wp\/v2\/posts"}],"about":[{"href":"http:\/\/blogg.varldenidag.se\/musik\/wp-json\/wp\/v2\/types\/post"}],"author":[{"embeddable":true,"href":"http:\/\/blogg.varldenidag.se\/musik\/wp-json\/wp\/v2\/users\/15"}],"replies":[{"embeddable":true,"href":"http:\/\/blogg.varldenidag.se\/musik\/wp-json\/wp\/v2\/comments?post=2075"}],"version-history":[{"count":1,"href":"http:\/\/blogg.varldenidag.se\/musik\/wp-json\/wp\/v2\/posts\/2075\/revisions"}],"predecessor-version":[{"id":2076,"href":"http:\/\/blogg.varldenidag.se\/musik\/wp-json\/wp\/v2\/posts\/2075\/revisions\/2076"}],"wp:attachment":[{"href":"http:\/\/blogg.varldenidag.se\/musik\/wp-json\/wp\/v2\/media?parent=2075"}],"wp:term":[{"taxonomy":"category","embeddable":true,"href":"http:\/\/blogg.varldenidag.se\/musik\/wp-json\/wp\/v2\/categories?post=2075"},{"taxonomy":"post_tag","embeddable":true,"href":"http:\/\/blogg.varldenidag.se\/musik\/wp-json\/wp\/v2\/tags?post=2075"}],"curies":[{"name":"wp","href":"https:\/\/api.w.org\/{rel}","templated":true}]}}