{"id":1962,"date":"2014-03-11T00:44:16","date_gmt":"2014-03-10T23:44:16","guid":{"rendered":"http:\/\/blogg.varldenidag.se\/musik\/?p=1962"},"modified":"2014-03-08T10:38:03","modified_gmt":"2014-03-08T09:38:03","slug":"needtobreathe-tillbaka-med-ny-musik","status":"publish","type":"post","link":"http:\/\/blogg.varldenidag.se\/musik\/needtobreathe-tillbaka-med-ny-musik\/","title":{"rendered":"Needtobreathe tillbaka med ny musik"},"content":{"rendered":"<p>Amerikanska <strong>Needtobreathe <\/strong>har skaffat sig en stor publik \u00f6ver hela v\u00e4rlden med sina f\u00f6rsta fyra skivor, uts\u00e5lda turn\u00e9er och stora f\u00f6rs\u00e4ljningsframg\u00e5ngar.\u00a0Nu \u00e4r f\u00f6rv\u00e4ntningarna naturligtvis stora p\u00e5 bandets femte platta, <em>Rivers In The Wasteland<\/em>, som sl\u00e4pps i april. F\u00f6r att ge ett f\u00f6rsta smakprov har bandet sl\u00e4ppt tv\u00e5 av l\u00e5tarna p\u00e5 en digital EP, med &#8221;The Heart&#8221; och &#8221;Difference Maker&#8221;<em>.<\/em><\/p>\n<p>Det \u00e4r tv\u00e5 olika l\u00e5tar, d\u00e4r inte minst &#8221;The Heart&#8221; skvallrar lite om att Needtobreathe m\u00f6jligen har stegat iv\u00e4g fr\u00e5n rockf\u00e5ran och bort mot mer folk-sound likt band som <strong>Mumford &amp; Sons <\/strong>och <strong>The Lumineers<\/strong>. \u00c5terst\u00e5 att se hur resten av skivan l\u00e5tar, men helt klart b\u00e5dar dessa smakprov gott!<\/p>\n<p><strong>Spotify-l\u00e4nk: <\/strong><a href=\"http:\/\/open.spotify.com\/album\/4XELxilt6vpsSAo3a0f88h\">NEEDTOBREATHE \u2013 The Heart<\/a><br \/>\n<a href=\"http:\/\/glowingvibe.files.wordpress.com\/2014\/03\/artworks-000067815094-7fw7gb-original.jpg\"><img loading=\"lazy\" decoding=\"async\" class=\"aligncenter\" alt=\"artworks-000067815094-7fw7gb-original\" src=\"http:\/\/glowingvibe.files.wordpress.com\/2014\/03\/artworks-000067815094-7fw7gb-original.jpg?w=300\" width=\"300\" height=\"300\" \/><\/a><\/p>\n","protected":false},"excerpt":{"rendered":"<p>Amerikanska Needtobreathe har skaffat sig en stor publik \u00f6ver hela v\u00e4rlden med sina f\u00f6rsta fyra skivor, uts\u00e5lda turn\u00e9er och stora f\u00f6rs\u00e4ljningsframg\u00e5ngar.\u00a0Nu \u00e4r f\u00f6rv\u00e4ntningarna naturligtvis stora p\u00e5 bandets [&hellip;]<\/p>\n","protected":false},"author":15,"featured_media":1974,"comment_status":"open","ping_status":"open","sticky":false,"template":"","format":"standard","meta":{"footnotes":"","_links_to":"","_links_to_target":""},"categories":[1],"tags":[166,382,420],"class_list":["post-1962","post","type-post","status-publish","format-standard","has-post-thumbnail","hentry","category-musik","tag-mumford-sons","tag-needtobreathe","tag-the-lumineers"],"_links":{"self":[{"href":"http:\/\/blogg.varldenidag.se\/musik\/wp-json\/wp\/v2\/posts\/1962","targetHints":{"allow":["GET"]}}],"collection":[{"href":"http:\/\/blogg.varldenidag.se\/musik\/wp-json\/wp\/v2\/posts"}],"about":[{"href":"http:\/\/blogg.varldenidag.se\/musik\/wp-json\/wp\/v2\/types\/post"}],"author":[{"embeddable":true,"href":"http:\/\/blogg.varldenidag.se\/musik\/wp-json\/wp\/v2\/users\/15"}],"replies":[{"embeddable":true,"href":"http:\/\/blogg.varldenidag.se\/musik\/wp-json\/wp\/v2\/comments?post=1962"}],"version-history":[{"count":3,"href":"http:\/\/blogg.varldenidag.se\/musik\/wp-json\/wp\/v2\/posts\/1962\/revisions"}],"predecessor-version":[{"id":1975,"href":"http:\/\/blogg.varldenidag.se\/musik\/wp-json\/wp\/v2\/posts\/1962\/revisions\/1975"}],"wp:featuredmedia":[{"embeddable":true,"href":"http:\/\/blogg.varldenidag.se\/musik\/wp-json\/wp\/v2\/media\/1974"}],"wp:attachment":[{"href":"http:\/\/blogg.varldenidag.se\/musik\/wp-json\/wp\/v2\/media?parent=1962"}],"wp:term":[{"taxonomy":"category","embeddable":true,"href":"http:\/\/blogg.varldenidag.se\/musik\/wp-json\/wp\/v2\/categories?post=1962"},{"taxonomy":"post_tag","embeddable":true,"href":"http:\/\/blogg.varldenidag.se\/musik\/wp-json\/wp\/v2\/tags?post=1962"}],"curies":[{"name":"wp","href":"https:\/\/api.w.org\/{rel}","templated":true}]}}