{"id":194,"date":"2012-07-22T07:00:34","date_gmt":"2012-07-22T05:00:34","guid":{"rendered":"http:\/\/blogg.varldenidag.se\/musik\/?p=194"},"modified":"2012-08-09T00:28:10","modified_gmt":"2012-08-08T22:28:10","slug":"parachute-band-landar-i-uppsala","status":"publish","type":"post","link":"http:\/\/blogg.varldenidag.se\/musik\/parachute-band-landar-i-uppsala\/","title":{"rendered":"Parachute band landar i Uppsala"},"content":{"rendered":"<p><strong>Parachute band<\/strong>, ett lovs\u00e5ngsband fr\u00e5n Nya Zeeland, kommer denna vecka till Sverige f\u00f6r att ha en konsert under Europakonferensen i Uppsala. Det g\u00e4ller allts\u00e5 tisdag kv\u00e4ll efter kv\u00e4llsm\u00f6tet. Kan nog bli en del r\u00f6j om man ska tro att de \u00e4r lika taggade som vid inspelningen av videon h\u00e4r ovanf\u00f6r.<\/p>\n<p><em>PS! Under Europakonferensen spelar ocks\u00e5 <strong>Brenton Brown<\/strong> (Sydafrika), <strong>Sarah Kelly<\/strong> (USA), <strong>David \u00c5hlen<\/strong>,<strong> Ida M\u00f6ller<\/strong> och <strong>Proklaim<\/strong>. F\u00f6r mer info om detta <a href=\"http:\/\/www.livetsord.se\/default.aspx?idStructure=12525\" target=\"_blank\">kolla in den h\u00e4r sidan<\/a>. DS<\/em><\/p>\n","protected":false},"excerpt":{"rendered":"<p>Parachute band, ett lovs\u00e5ngsband fr\u00e5n Nya Zeeland, kommer denna vecka till Sverige f\u00f6r att ha en konsert under Europakonferensen i Uppsala. Det g\u00e4ller allts\u00e5 tisdag kv\u00e4ll efter [&hellip;]<\/p>\n","protected":false},"author":14,"featured_media":198,"comment_status":"open","ping_status":"open","sticky":false,"template":"","format":"standard","meta":{"footnotes":"","_links_to":"","_links_to_target":""},"categories":[1],"tags":[52,38,54,118,55,50,51,56,53],"class_list":["post-194","post","type-post","status-publish","format-standard","has-post-thumbnail","hentry","category-musik","tag-brenton-brown","tag-come-to-the-river","tag-david-ahlen","tag-europakonferensen","tag-ida-moller","tag-live","tag-parachute-band","tag-proklaim","tag-sarah-kelly"],"_links":{"self":[{"href":"http:\/\/blogg.varldenidag.se\/musik\/wp-json\/wp\/v2\/posts\/194","targetHints":{"allow":["GET"]}}],"collection":[{"href":"http:\/\/blogg.varldenidag.se\/musik\/wp-json\/wp\/v2\/posts"}],"about":[{"href":"http:\/\/blogg.varldenidag.se\/musik\/wp-json\/wp\/v2\/types\/post"}],"author":[{"embeddable":true,"href":"http:\/\/blogg.varldenidag.se\/musik\/wp-json\/wp\/v2\/users\/14"}],"replies":[{"embeddable":true,"href":"http:\/\/blogg.varldenidag.se\/musik\/wp-json\/wp\/v2\/comments?post=194"}],"version-history":[{"count":5,"href":"http:\/\/blogg.varldenidag.se\/musik\/wp-json\/wp\/v2\/posts\/194\/revisions"}],"predecessor-version":[{"id":334,"href":"http:\/\/blogg.varldenidag.se\/musik\/wp-json\/wp\/v2\/posts\/194\/revisions\/334"}],"wp:featuredmedia":[{"embeddable":true,"href":"http:\/\/blogg.varldenidag.se\/musik\/wp-json\/wp\/v2\/media\/198"}],"wp:attachment":[{"href":"http:\/\/blogg.varldenidag.se\/musik\/wp-json\/wp\/v2\/media?parent=194"}],"wp:term":[{"taxonomy":"category","embeddable":true,"href":"http:\/\/blogg.varldenidag.se\/musik\/wp-json\/wp\/v2\/categories?post=194"},{"taxonomy":"post_tag","embeddable":true,"href":"http:\/\/blogg.varldenidag.se\/musik\/wp-json\/wp\/v2\/tags?post=194"}],"curies":[{"name":"wp","href":"https:\/\/api.w.org\/{rel}","templated":true}]}}