{"id":189,"date":"2012-07-20T07:00:17","date_gmt":"2012-07-20T05:00:17","guid":{"rendered":"http:\/\/blogg.varldenidag.se\/musik\/?p=189"},"modified":"2012-07-19T20:10:48","modified_gmt":"2012-07-19T18:10:48","slug":"leeland-spelar-i-oslo","status":"publish","type":"post","link":"http:\/\/blogg.varldenidag.se\/musik\/leeland-spelar-i-oslo\/","title":{"rendered":"Leeland spelar i Oslo"},"content":{"rendered":"<p>Om du missade bandet <strong>Leeland<\/strong> under Gullbrannafestivalen h\u00e4romveckan finns det redan nu en ny chans att h\u00f6ra dem live. Imorgon kv\u00e4ll spelar de n\u00e4mligen p\u00e5 Jesusfestival i Oslo. <a href=\"http:\/\/jesusfestival.net\/jesus-festival\/leeland-oslo\/\" target=\"_blank\">Intresserad? L\u00e4s mer h\u00e4r<\/a>.<\/p>\n<p>Ovan \u00e4r en inspelad liveversion av titelsp\u00e5ret fr\u00e5n senaste skivan, l\u00e5ten &#8221;The Great Awakening&#8221;.<\/p>\n","protected":false},"excerpt":{"rendered":"<p>Om du missade bandet Leeland under Gullbrannafestivalen h\u00e4romveckan finns det redan nu en ny chans att h\u00f6ra dem live. Imorgon kv\u00e4ll spelar de n\u00e4mligen p\u00e5 Jesusfestival i [&hellip;]<\/p>\n","protected":false},"author":14,"featured_media":190,"comment_status":"open","ping_status":"open","sticky":false,"template":"","format":"standard","meta":{"footnotes":"","_links_to":"","_links_to_target":""},"categories":[1],"tags":[48,50,49],"class_list":["post-189","post","type-post","status-publish","format-standard","has-post-thumbnail","hentry","category-musik","tag-leeland","tag-live","tag-the-great-awakening"],"_links":{"self":[{"href":"http:\/\/blogg.varldenidag.se\/musik\/wp-json\/wp\/v2\/posts\/189","targetHints":{"allow":["GET"]}}],"collection":[{"href":"http:\/\/blogg.varldenidag.se\/musik\/wp-json\/wp\/v2\/posts"}],"about":[{"href":"http:\/\/blogg.varldenidag.se\/musik\/wp-json\/wp\/v2\/types\/post"}],"author":[{"embeddable":true,"href":"http:\/\/blogg.varldenidag.se\/musik\/wp-json\/wp\/v2\/users\/14"}],"replies":[{"embeddable":true,"href":"http:\/\/blogg.varldenidag.se\/musik\/wp-json\/wp\/v2\/comments?post=189"}],"version-history":[{"count":3,"href":"http:\/\/blogg.varldenidag.se\/musik\/wp-json\/wp\/v2\/posts\/189\/revisions"}],"predecessor-version":[{"id":193,"href":"http:\/\/blogg.varldenidag.se\/musik\/wp-json\/wp\/v2\/posts\/189\/revisions\/193"}],"wp:featuredmedia":[{"embeddable":true,"href":"http:\/\/blogg.varldenidag.se\/musik\/wp-json\/wp\/v2\/media\/190"}],"wp:attachment":[{"href":"http:\/\/blogg.varldenidag.se\/musik\/wp-json\/wp\/v2\/media?parent=189"}],"wp:term":[{"taxonomy":"category","embeddable":true,"href":"http:\/\/blogg.varldenidag.se\/musik\/wp-json\/wp\/v2\/categories?post=189"},{"taxonomy":"post_tag","embeddable":true,"href":"http:\/\/blogg.varldenidag.se\/musik\/wp-json\/wp\/v2\/tags?post=189"}],"curies":[{"name":"wp","href":"https:\/\/api.w.org\/{rel}","templated":true}]}}