{"id":1835,"date":"2014-01-27T00:04:26","date_gmt":"2014-01-26T23:04:26","guid":{"rendered":"http:\/\/blogg.varldenidag.se\/musik\/?p=1835"},"modified":"2014-01-24T10:01:23","modified_gmt":"2014-01-24T09:01:23","slug":"lovsangsrock-med-kutless","status":"publish","type":"post","link":"http:\/\/blogg.varldenidag.se\/musik\/lovsangsrock-med-kutless\/","title":{"rendered":"Lovs\u00e5ngsrock med Kutless"},"content":{"rendered":"<p>Snart har det g\u00e5tt 15 \u00e5r sedan amerikanska kvartetten <strong>Kutless <\/strong>bildades. Genombrottet kom redan 2002, och bandet har sedan dess gjort sig k\u00e4nda f\u00f6r att g\u00f6ra lovs\u00e5nger i rocktappning. N\u00e5got som gett dem en bred och stor skara av fans v\u00e4rlden \u00f6ver.<\/p>\n<p>Nu \u00e4r Kutless p\u00e5 g\u00e5ng med sitt \u00e5ttonde album, <em>Glory, <\/em>som sl\u00e4pps i februari. Och f\u00e5r man tro f\u00f6rsta smakprovet &#8221;You Alone&#8221; s\u00e5 kommer \u00e4ven den skivan g\u00f6ra succ\u00e9. Den har redan kl\u00e4ttrat sig h\u00f6gt upp p\u00e5 en del topplistor i hemlandet, s\u00e5 manegen \u00e4r redan &#8221;krattad&#8221;&#8230; F\u00f6r s\u00e5ngaren <strong>Jon Micah Sumrall <\/strong>och hans mannar kan allts\u00e5 \u00e4ven 2014 bli ett riktigt bra \u00e5r!<\/p>\n<p><strong>Spotify-l\u00e4nk: <a href=\"http:\/\/open.spotify.com\/track\/49BoStDLF0ADdkacISGT1b\">Kutless \u2013 You Alone<\/a><br \/>\n<\/strong><br \/>\n<a href=\"http:\/\/glowingvibe.files.wordpress.com\/2014\/01\/untitled.png\"><img loading=\"lazy\" decoding=\"async\" class=\"aligncenter\" alt=\"untitled\" src=\"http:\/\/glowingvibe.files.wordpress.com\/2014\/01\/untitled.png\" width=\"224\" height=\"224\" \/><\/a><\/p>\n","protected":false},"excerpt":{"rendered":"<p>Snart har det g\u00e5tt 15 \u00e5r sedan amerikanska kvartetten Kutless bildades. Genombrottet kom redan 2002, och bandet har sedan dess gjort sig k\u00e4nda f\u00f6r att g\u00f6ra lovs\u00e5nger [&hellip;]<\/p>\n","protected":false},"author":15,"featured_media":1880,"comment_status":"open","ping_status":"open","sticky":false,"template":"","format":"standard","meta":{"footnotes":"","_links_to":"","_links_to_target":""},"categories":[1],"tags":[391,198],"class_list":["post-1835","post","type-post","status-publish","format-standard","has-post-thumbnail","hentry","category-musik","tag-jon-micah-sumrall","tag-kutless"],"_links":{"self":[{"href":"http:\/\/blogg.varldenidag.se\/musik\/wp-json\/wp\/v2\/posts\/1835","targetHints":{"allow":["GET"]}}],"collection":[{"href":"http:\/\/blogg.varldenidag.se\/musik\/wp-json\/wp\/v2\/posts"}],"about":[{"href":"http:\/\/blogg.varldenidag.se\/musik\/wp-json\/wp\/v2\/types\/post"}],"author":[{"embeddable":true,"href":"http:\/\/blogg.varldenidag.se\/musik\/wp-json\/wp\/v2\/users\/15"}],"replies":[{"embeddable":true,"href":"http:\/\/blogg.varldenidag.se\/musik\/wp-json\/wp\/v2\/comments?post=1835"}],"version-history":[{"count":3,"href":"http:\/\/blogg.varldenidag.se\/musik\/wp-json\/wp\/v2\/posts\/1835\/revisions"}],"predecessor-version":[{"id":1881,"href":"http:\/\/blogg.varldenidag.se\/musik\/wp-json\/wp\/v2\/posts\/1835\/revisions\/1881"}],"wp:featuredmedia":[{"embeddable":true,"href":"http:\/\/blogg.varldenidag.se\/musik\/wp-json\/wp\/v2\/media\/1880"}],"wp:attachment":[{"href":"http:\/\/blogg.varldenidag.se\/musik\/wp-json\/wp\/v2\/media?parent=1835"}],"wp:term":[{"taxonomy":"category","embeddable":true,"href":"http:\/\/blogg.varldenidag.se\/musik\/wp-json\/wp\/v2\/categories?post=1835"},{"taxonomy":"post_tag","embeddable":true,"href":"http:\/\/blogg.varldenidag.se\/musik\/wp-json\/wp\/v2\/tags?post=1835"}],"curies":[{"name":"wp","href":"https:\/\/api.w.org\/{rel}","templated":true}]}}