{"id":1781,"date":"2013-12-23T00:42:40","date_gmt":"2013-12-22T23:42:40","guid":{"rendered":"http:\/\/blogg.varldenidag.se\/musik\/?p=1781"},"modified":"2013-12-18T11:27:06","modified_gmt":"2013-12-18T10:27:06","slug":"topp-13-2013-plats-9-2","status":"publish","type":"post","link":"http:\/\/blogg.varldenidag.se\/musik\/topp-13-2013-plats-9-2\/","title":{"rendered":"Topp 13 2013: Plats 9"},"content":{"rendered":"<p>En sk\u00f6nt, eget uttryck i sin musik har f\u00e5tt <strong>Matt Maher <\/strong>att p\u00e5 kort tid skapa sig en bred skara av fans. Hans l\u00e5tar har i flera fall tagit sig h\u00f6gt upp p\u00e5 b\u00e5de f\u00f6rs\u00e4ljnings- och radiolistor, och denna &#8221;Burning In My Soul&#8221;<em> <\/em>f\u00f6rklarar egentligen varf\u00f6r. Det \u00e4r enkelt, men \u00e4nd\u00e5 s\u00e5 briljant, och s\u00e4tter sig snabbt i hj\u00e4rnan. En riktigt stark hit!<\/p>\n<p><a href=\"http:\/\/glowingvibe.files.wordpress.com\/2013\/04\/matt-maher-all-the-people-said-amen.jpg\"><img loading=\"lazy\" decoding=\"async\" class=\"aligncenter\" alt=\"Matt-Maher---All-the-People-Said-Amen\" src=\"http:\/\/glowingvibe.files.wordpress.com\/2013\/04\/matt-maher-all-the-people-said-amen.jpg\" width=\"240\" height=\"240\" \/><\/a><\/p>\n","protected":false},"excerpt":{"rendered":"<p>En sk\u00f6nt, eget uttryck i sin musik har f\u00e5tt Matt Maher att p\u00e5 kort tid skapa sig en bred skara av fans. Hans l\u00e5tar har i flera [&hellip;]<\/p>\n","protected":false},"author":15,"featured_media":1420,"comment_status":"open","ping_status":"open","sticky":false,"template":"","format":"standard","meta":{"footnotes":"","_links_to":"","_links_to_target":""},"categories":[1],"tags":[319],"class_list":["post-1781","post","type-post","status-publish","format-standard","has-post-thumbnail","hentry","category-musik","tag-matt-maher"],"_links":{"self":[{"href":"http:\/\/blogg.varldenidag.se\/musik\/wp-json\/wp\/v2\/posts\/1781","targetHints":{"allow":["GET"]}}],"collection":[{"href":"http:\/\/blogg.varldenidag.se\/musik\/wp-json\/wp\/v2\/posts"}],"about":[{"href":"http:\/\/blogg.varldenidag.se\/musik\/wp-json\/wp\/v2\/types\/post"}],"author":[{"embeddable":true,"href":"http:\/\/blogg.varldenidag.se\/musik\/wp-json\/wp\/v2\/users\/15"}],"replies":[{"embeddable":true,"href":"http:\/\/blogg.varldenidag.se\/musik\/wp-json\/wp\/v2\/comments?post=1781"}],"version-history":[{"count":2,"href":"http:\/\/blogg.varldenidag.se\/musik\/wp-json\/wp\/v2\/posts\/1781\/revisions"}],"predecessor-version":[{"id":1799,"href":"http:\/\/blogg.varldenidag.se\/musik\/wp-json\/wp\/v2\/posts\/1781\/revisions\/1799"}],"wp:featuredmedia":[{"embeddable":true,"href":"http:\/\/blogg.varldenidag.se\/musik\/wp-json\/wp\/v2\/media\/1420"}],"wp:attachment":[{"href":"http:\/\/blogg.varldenidag.se\/musik\/wp-json\/wp\/v2\/media?parent=1781"}],"wp:term":[{"taxonomy":"category","embeddable":true,"href":"http:\/\/blogg.varldenidag.se\/musik\/wp-json\/wp\/v2\/categories?post=1781"},{"taxonomy":"post_tag","embeddable":true,"href":"http:\/\/blogg.varldenidag.se\/musik\/wp-json\/wp\/v2\/tags?post=1781"}],"curies":[{"name":"wp","href":"https:\/\/api.w.org\/{rel}","templated":true}]}}