{"id":1769,"date":"2013-12-20T00:11:32","date_gmt":"2013-12-19T23:11:32","guid":{"rendered":"http:\/\/blogg.varldenidag.se\/musik\/?p=1769"},"modified":"2013-12-18T11:22:44","modified_gmt":"2013-12-18T10:22:44","slug":"topp-13-2013-plats-11","status":"publish","type":"post","link":"http:\/\/blogg.varldenidag.se\/musik\/topp-13-2013-plats-11\/","title":{"rendered":"Topp 13 2013: Plats 12"},"content":{"rendered":"<p>Mannen, r\u00f6sten och poporaklet <strong>Phil Wickham <\/strong>har kommit att bli en av de d\u00e4r st\u00e4ndiga hitleverant\u00f6rerna p\u00e5 topplistorna. &#8221;This Is Amazing Grace&#8221; var f\u00f6rsta singel ut fr\u00e5n senaste plattan <em>The Ascension<\/em>, och gjorde knappast n\u00e5gra fans besvikna. Med en elektronisk slinga som bakgrund \u00e4r det ett delvis annorlunda sound som<strong>\u00a0<\/strong>Phil visar upp p\u00e5 l\u00e5ten, men sin vana trogen \u00e4r det en riktigt bra l\u00e5t. Klart att den ska vara med p\u00e5 topp 13!<\/p>\n<p><strong>Spotify-l\u00e4nk: <a href=\"http:\/\/open.spotify.com\/track\/1GR4S9040ddlHSeuLNSun3\">Phil Wickham \u2013 This Is Amazing Grace<\/a><br \/>\n<\/strong><\/p>\n<p><a href=\"http:\/\/glowingvibe.files.wordpress.com\/2013\/08\/413k4hjttul__sl500_aa280_.jpg\"><img loading=\"lazy\" decoding=\"async\" class=\"aligncenter\" alt=\"413k4HjttUL__SL500_AA280_\" src=\"http:\/\/glowingvibe.files.wordpress.com\/2013\/08\/413k4hjttul__sl500_aa280_.jpg\" width=\"280\" height=\"280\" \/><\/a><\/p>\n<p>&nbsp;<\/p>\n","protected":false},"excerpt":{"rendered":"<p>Mannen, r\u00f6sten och poporaklet Phil Wickham har kommit att bli en av de d\u00e4r st\u00e4ndiga hitleverant\u00f6rerna p\u00e5 topplistorna. &#8221;This Is Amazing Grace&#8221; var f\u00f6rsta singel ut fr\u00e5n [&hellip;]<\/p>\n","protected":false},"author":15,"featured_media":1548,"comment_status":"open","ping_status":"open","sticky":false,"template":"","format":"standard","meta":{"footnotes":"","_links_to":"","_links_to_target":""},"categories":[1],"tags":[245],"class_list":["post-1769","post","type-post","status-publish","format-standard","has-post-thumbnail","hentry","category-musik","tag-phil-wickham"],"_links":{"self":[{"href":"http:\/\/blogg.varldenidag.se\/musik\/wp-json\/wp\/v2\/posts\/1769","targetHints":{"allow":["GET"]}}],"collection":[{"href":"http:\/\/blogg.varldenidag.se\/musik\/wp-json\/wp\/v2\/posts"}],"about":[{"href":"http:\/\/blogg.varldenidag.se\/musik\/wp-json\/wp\/v2\/types\/post"}],"author":[{"embeddable":true,"href":"http:\/\/blogg.varldenidag.se\/musik\/wp-json\/wp\/v2\/users\/15"}],"replies":[{"embeddable":true,"href":"http:\/\/blogg.varldenidag.se\/musik\/wp-json\/wp\/v2\/comments?post=1769"}],"version-history":[{"count":5,"href":"http:\/\/blogg.varldenidag.se\/musik\/wp-json\/wp\/v2\/posts\/1769\/revisions"}],"predecessor-version":[{"id":1794,"href":"http:\/\/blogg.varldenidag.se\/musik\/wp-json\/wp\/v2\/posts\/1769\/revisions\/1794"}],"wp:featuredmedia":[{"embeddable":true,"href":"http:\/\/blogg.varldenidag.se\/musik\/wp-json\/wp\/v2\/media\/1548"}],"wp:attachment":[{"href":"http:\/\/blogg.varldenidag.se\/musik\/wp-json\/wp\/v2\/media?parent=1769"}],"wp:term":[{"taxonomy":"category","embeddable":true,"href":"http:\/\/blogg.varldenidag.se\/musik\/wp-json\/wp\/v2\/categories?post=1769"},{"taxonomy":"post_tag","embeddable":true,"href":"http:\/\/blogg.varldenidag.se\/musik\/wp-json\/wp\/v2\/tags?post=1769"}],"curies":[{"name":"wp","href":"https:\/\/api.w.org\/{rel}","templated":true}]}}