{"id":167,"date":"2012-07-23T07:00:14","date_gmt":"2012-07-23T05:00:14","guid":{"rendered":"http:\/\/blogg.varldenidag.se\/musik\/?p=167"},"modified":"2012-07-19T19:58:45","modified_gmt":"2012-07-19T17:58:45","slug":"nytt-fran-house-of-heroes","status":"publish","type":"post","link":"http:\/\/blogg.varldenidag.se\/musik\/nytt-fran-house-of-heroes\/","title":{"rendered":"Nytt fr\u00e5n House of Heroes"},"content":{"rendered":"<p>Alternativa rockbandet <strong>House of Heroes<\/strong> \u00e4r aktuella med albumet &#8221;Cold Hard Want&#8221;. H\u00e4r ovan \u00e4r musikvideon till singeln f\u00f6r l\u00e5ten &#8221;Touch This Light&#8221; fr\u00e5n skivan. Detta blir Columbus-bandets femte release sedan starten 2001.<\/p>\n","protected":false},"excerpt":{"rendered":"<p>Alternativa rockbandet House of Heroes \u00e4r aktuella med albumet &#8221;Cold Hard Want&#8221;. H\u00e4r ovan \u00e4r musikvideon till singeln f\u00f6r l\u00e5ten &#8221;Touch This Light&#8221; fr\u00e5n skivan. Detta blir [&hellip;]<\/p>\n","protected":false},"author":14,"featured_media":168,"comment_status":"open","ping_status":"open","sticky":false,"template":"","format":"standard","meta":{"footnotes":"","_links_to":"","_links_to_target":""},"categories":[1],"tags":[42,43],"class_list":["post-167","post","type-post","status-publish","format-standard","has-post-thumbnail","hentry","category-musik","tag-cold-hard-want","tag-house-of-heroes"],"_links":{"self":[{"href":"http:\/\/blogg.varldenidag.se\/musik\/wp-json\/wp\/v2\/posts\/167","targetHints":{"allow":["GET"]}}],"collection":[{"href":"http:\/\/blogg.varldenidag.se\/musik\/wp-json\/wp\/v2\/posts"}],"about":[{"href":"http:\/\/blogg.varldenidag.se\/musik\/wp-json\/wp\/v2\/types\/post"}],"author":[{"embeddable":true,"href":"http:\/\/blogg.varldenidag.se\/musik\/wp-json\/wp\/v2\/users\/14"}],"replies":[{"embeddable":true,"href":"http:\/\/blogg.varldenidag.se\/musik\/wp-json\/wp\/v2\/comments?post=167"}],"version-history":[{"count":4,"href":"http:\/\/blogg.varldenidag.se\/musik\/wp-json\/wp\/v2\/posts\/167\/revisions"}],"predecessor-version":[{"id":187,"href":"http:\/\/blogg.varldenidag.se\/musik\/wp-json\/wp\/v2\/posts\/167\/revisions\/187"}],"wp:featuredmedia":[{"embeddable":true,"href":"http:\/\/blogg.varldenidag.se\/musik\/wp-json\/wp\/v2\/media\/168"}],"wp:attachment":[{"href":"http:\/\/blogg.varldenidag.se\/musik\/wp-json\/wp\/v2\/media?parent=167"}],"wp:term":[{"taxonomy":"category","embeddable":true,"href":"http:\/\/blogg.varldenidag.se\/musik\/wp-json\/wp\/v2\/categories?post=167"},{"taxonomy":"post_tag","embeddable":true,"href":"http:\/\/blogg.varldenidag.se\/musik\/wp-json\/wp\/v2\/tags?post=167"}],"curies":[{"name":"wp","href":"https:\/\/api.w.org\/{rel}","templated":true}]}}