{"id":1639,"date":"2013-11-15T17:00:32","date_gmt":"2013-11-15T16:00:32","guid":{"rendered":"http:\/\/blogg.varldenidag.se\/musik\/?p=1639"},"modified":"2013-11-06T10:38:42","modified_gmt":"2013-11-06T09:38:42","slug":"wilson-skapar-gladje","status":"publish","type":"post","link":"http:\/\/blogg.varldenidag.se\/musik\/wilson-skapar-gladje\/","title":{"rendered":"Wilson skapar gl\u00e4dje"},"content":{"rendered":"<p>Tidigare i \u00e5r tipsade vi om <strong>Josh Wilsons <\/strong>sk\u00f6na hit &#8221;Carry Me&#8221;. Nu \u00e4r mannen tillbaka med \u00e4nnu en sv\u00e4ngig historia, h\u00e4mtad fr\u00e5n plattan med samma namn som f\u00f6rra hiten. &#8221;Pushing Back The Dark&#8221; \u00e4r, precis som f\u00f6reg\u00e5ende hit,\u00a0ett riktigt popsn\u00f6re, d\u00e4r 29-\u00e5rige Josh Wilson<strong>\u00a0<\/strong>l\u00e5ter textraden &#8221;Don&#8217;t underestimate the God you follow&#8221; vara en av\u00a0l\u00e5tens punchlines. \u00c4n en g\u00e5ng lyckas Josh med konsten att f\u00f6rmedla ett budskap i en sv\u00e4ngig f\u00f6rpackning \u2013 och han g\u00f6r det med den \u00e4ran!<\/p>\n<p><strong>Spotify-l\u00e4nk: <a href=\"http:\/\/open.spotify.com\/track\/6JnKP3itQo6S7sw41fRUl6\">Josh Wilson \u2013 Pushing Back the Dark<\/a><br \/>\n<\/strong><\/p>\n<p><a href=\"http:\/\/glowingvibe.files.wordpress.com\/2013\/03\/josh-wilson-carry-me.jpg\"><img loading=\"lazy\" decoding=\"async\" class=\"aligncenter\" alt=\"Josh-Wilson-carry-me\" src=\"http:\/\/glowingvibe.files.wordpress.com\/2013\/03\/josh-wilson-carry-me.jpg\" width=\"280\" height=\"280\" \/><\/a><\/p>\n","protected":false},"excerpt":{"rendered":"<p>Tidigare i \u00e5r tipsade vi om Josh Wilsons sk\u00f6na hit &#8221;Carry Me&#8221;. Nu \u00e4r mannen tillbaka med \u00e4nnu en sv\u00e4ngig historia, h\u00e4mtad fr\u00e5n plattan med samma namn [&hellip;]<\/p>\n","protected":false},"author":15,"featured_media":1664,"comment_status":"open","ping_status":"open","sticky":false,"template":"","format":"standard","meta":{"footnotes":"","_links_to":"","_links_to_target":""},"categories":[1],"tags":[193],"class_list":["post-1639","post","type-post","status-publish","format-standard","has-post-thumbnail","hentry","category-musik","tag-josh-wilson"],"_links":{"self":[{"href":"http:\/\/blogg.varldenidag.se\/musik\/wp-json\/wp\/v2\/posts\/1639","targetHints":{"allow":["GET"]}}],"collection":[{"href":"http:\/\/blogg.varldenidag.se\/musik\/wp-json\/wp\/v2\/posts"}],"about":[{"href":"http:\/\/blogg.varldenidag.se\/musik\/wp-json\/wp\/v2\/types\/post"}],"author":[{"embeddable":true,"href":"http:\/\/blogg.varldenidag.se\/musik\/wp-json\/wp\/v2\/users\/15"}],"replies":[{"embeddable":true,"href":"http:\/\/blogg.varldenidag.se\/musik\/wp-json\/wp\/v2\/comments?post=1639"}],"version-history":[{"count":3,"href":"http:\/\/blogg.varldenidag.se\/musik\/wp-json\/wp\/v2\/posts\/1639\/revisions"}],"predecessor-version":[{"id":1665,"href":"http:\/\/blogg.varldenidag.se\/musik\/wp-json\/wp\/v2\/posts\/1639\/revisions\/1665"}],"wp:featuredmedia":[{"embeddable":true,"href":"http:\/\/blogg.varldenidag.se\/musik\/wp-json\/wp\/v2\/media\/1664"}],"wp:attachment":[{"href":"http:\/\/blogg.varldenidag.se\/musik\/wp-json\/wp\/v2\/media?parent=1639"}],"wp:term":[{"taxonomy":"category","embeddable":true,"href":"http:\/\/blogg.varldenidag.se\/musik\/wp-json\/wp\/v2\/categories?post=1639"},{"taxonomy":"post_tag","embeddable":true,"href":"http:\/\/blogg.varldenidag.se\/musik\/wp-json\/wp\/v2\/tags?post=1639"}],"curies":[{"name":"wp","href":"https:\/\/api.w.org\/{rel}","templated":true}]}}