{"id":1636,"date":"2013-11-13T17:00:04","date_gmt":"2013-11-13T16:00:04","guid":{"rendered":"http:\/\/blogg.varldenidag.se\/musik\/?p=1636"},"modified":"2013-11-06T10:14:31","modified_gmt":"2013-11-06T09:14:31","slug":"radiohit-fran-idolstjarnan","status":"publish","type":"post","link":"http:\/\/blogg.varldenidag.se\/musik\/radiohit-fran-idolstjarnan\/","title":{"rendered":"Radiohit fr\u00e5n Idolstj\u00e4rnan"},"content":{"rendered":"<p><strong>Mandisa <\/strong>l\u00e4gger hemlandet USA allt mer under sina f\u00f6tter. I femte s\u00e4songen av American Idol slutade hon nia, och sedan dess har hon satsat p\u00e5 en karri\u00e4r p\u00e5 den kristna marknaden. Och det \u00e4r bara att konstatera att hon lyckats! Tidigare har hon samarbetat bland annat med <strong>TobyMac<\/strong>, och just nu \u00e4r hon rykande aktuell med sin hit &#8221;Overcomer&#8221;<em>. <\/em>En glad pophit, som just nu toppar Billboard Christian Chart i USA. En sv\u00e4ngig hitvarning!<\/p>\n<p><strong>Spotify-l\u00e4nk: <a href=\"http:\/\/open.spotify.com\/track\/37eOxYXAQf9b3Oy2WWowZt\">Mandisa \u2013 Overcomer<\/a><\/strong><\/p>\n<p><a href=\"http:\/\/glowingvibe.files.wordpress.com\/2013\/10\/as.jpg\"><img loading=\"lazy\" decoding=\"async\" class=\"aligncenter\" alt=\"as\" src=\"http:\/\/glowingvibe.files.wordpress.com\/2013\/10\/as.jpg?w=300\" width=\"300\" height=\"300\" \/><\/a><\/p>\n","protected":false},"excerpt":{"rendered":"<p>Mandisa l\u00e4gger hemlandet USA allt mer under sina f\u00f6tter. I femte s\u00e4songen av American Idol slutade hon nia, och sedan dess har hon satsat p\u00e5 en karri\u00e4r [&hellip;]<\/p>\n","protected":false},"author":15,"featured_media":1661,"comment_status":"open","ping_status":"open","sticky":false,"template":"","format":"standard","meta":{"footnotes":"","_links_to":"","_links_to_target":""},"categories":[1],"tags":[205,13],"class_list":["post-1636","post","type-post","status-publish","format-standard","has-post-thumbnail","hentry","category-musik","tag-mandisa","tag-tobymac"],"_links":{"self":[{"href":"http:\/\/blogg.varldenidag.se\/musik\/wp-json\/wp\/v2\/posts\/1636","targetHints":{"allow":["GET"]}}],"collection":[{"href":"http:\/\/blogg.varldenidag.se\/musik\/wp-json\/wp\/v2\/posts"}],"about":[{"href":"http:\/\/blogg.varldenidag.se\/musik\/wp-json\/wp\/v2\/types\/post"}],"author":[{"embeddable":true,"href":"http:\/\/blogg.varldenidag.se\/musik\/wp-json\/wp\/v2\/users\/15"}],"replies":[{"embeddable":true,"href":"http:\/\/blogg.varldenidag.se\/musik\/wp-json\/wp\/v2\/comments?post=1636"}],"version-history":[{"count":3,"href":"http:\/\/blogg.varldenidag.se\/musik\/wp-json\/wp\/v2\/posts\/1636\/revisions"}],"predecessor-version":[{"id":1662,"href":"http:\/\/blogg.varldenidag.se\/musik\/wp-json\/wp\/v2\/posts\/1636\/revisions\/1662"}],"wp:featuredmedia":[{"embeddable":true,"href":"http:\/\/blogg.varldenidag.se\/musik\/wp-json\/wp\/v2\/media\/1661"}],"wp:attachment":[{"href":"http:\/\/blogg.varldenidag.se\/musik\/wp-json\/wp\/v2\/media?parent=1636"}],"wp:term":[{"taxonomy":"category","embeddable":true,"href":"http:\/\/blogg.varldenidag.se\/musik\/wp-json\/wp\/v2\/categories?post=1636"},{"taxonomy":"post_tag","embeddable":true,"href":"http:\/\/blogg.varldenidag.se\/musik\/wp-json\/wp\/v2\/tags?post=1636"}],"curies":[{"name":"wp","href":"https:\/\/api.w.org\/{rel}","templated":true}]}}