{"id":161,"date":"2012-07-15T07:00:23","date_gmt":"2012-07-15T05:00:23","guid":{"rendered":"http:\/\/blogg.varldenidag.se\/musik\/?p=161"},"modified":"2012-07-15T09:21:11","modified_gmt":"2012-07-15T07:21:11","slug":"future-of-forestry-bjuder-pa-latar","status":"publish","type":"post","link":"http:\/\/blogg.varldenidag.se\/musik\/future-of-forestry-bjuder-pa-latar\/","title":{"rendered":"Future of Forestry bjuder p\u00e5 l\u00e5tar"},"content":{"rendered":"<p>Det experimentella bandet <strong>Future of Forestry<\/strong> ligger just nu ute med en EP som <a href=\"http:\/\/www.noisetrade.com\/futureofforestry\" target=\"_blank\">kan laddas hem helt gratis p\u00e5 n\u00e4tet<\/a>. L\u00e5tarna kommer fr\u00e5n deras nya album &#8221;Young Man Follow&#8221;.<\/p>\n<p>Bandet startade i San Diego 2009 och tog d\u00e5 sitt namn fr\u00e5n en dikt skriven av C.S. Lewis (f\u00f6rfattaren till Narnia-serien). H\u00e4r snackar vi ett band som g\u00e4rna tar ut sv\u00e4ngarna litegrann (som att k\u00f6ra l\u00e5tar i 7-takt och s\u00e5nt).<\/p>\n","protected":false},"excerpt":{"rendered":"<p>Det experimentella bandet Future of Forestry ligger just nu ute med en EP som kan laddas hem helt gratis p\u00e5 n\u00e4tet. L\u00e5tarna kommer fr\u00e5n deras nya album [&hellip;]<\/p>\n","protected":false},"author":14,"featured_media":162,"comment_status":"open","ping_status":"open","sticky":false,"template":"","format":"standard","meta":{"footnotes":"","_links_to":"","_links_to_target":""},"categories":[1],"tags":[40,41],"class_list":["post-161","post","type-post","status-publish","format-standard","has-post-thumbnail","hentry","category-musik","tag-future-of-forestry","tag-young-man-follow"],"_links":{"self":[{"href":"http:\/\/blogg.varldenidag.se\/musik\/wp-json\/wp\/v2\/posts\/161","targetHints":{"allow":["GET"]}}],"collection":[{"href":"http:\/\/blogg.varldenidag.se\/musik\/wp-json\/wp\/v2\/posts"}],"about":[{"href":"http:\/\/blogg.varldenidag.se\/musik\/wp-json\/wp\/v2\/types\/post"}],"author":[{"embeddable":true,"href":"http:\/\/blogg.varldenidag.se\/musik\/wp-json\/wp\/v2\/users\/14"}],"replies":[{"embeddable":true,"href":"http:\/\/blogg.varldenidag.se\/musik\/wp-json\/wp\/v2\/comments?post=161"}],"version-history":[{"count":6,"href":"http:\/\/blogg.varldenidag.se\/musik\/wp-json\/wp\/v2\/posts\/161\/revisions"}],"predecessor-version":[{"id":174,"href":"http:\/\/blogg.varldenidag.se\/musik\/wp-json\/wp\/v2\/posts\/161\/revisions\/174"}],"wp:featuredmedia":[{"embeddable":true,"href":"http:\/\/blogg.varldenidag.se\/musik\/wp-json\/wp\/v2\/media\/162"}],"wp:attachment":[{"href":"http:\/\/blogg.varldenidag.se\/musik\/wp-json\/wp\/v2\/media?parent=161"}],"wp:term":[{"taxonomy":"category","embeddable":true,"href":"http:\/\/blogg.varldenidag.se\/musik\/wp-json\/wp\/v2\/categories?post=161"},{"taxonomy":"post_tag","embeddable":true,"href":"http:\/\/blogg.varldenidag.se\/musik\/wp-json\/wp\/v2\/tags?post=161"}],"curies":[{"name":"wp","href":"https:\/\/api.w.org\/{rel}","templated":true}]}}