{"id":1543,"date":"2013-09-11T07:00:16","date_gmt":"2013-09-11T05:00:16","guid":{"rendered":"http:\/\/blogg.varldenidag.se\/musik\/?p=1543"},"modified":"2013-09-09T10:29:06","modified_gmt":"2013-09-09T08:29:06","slug":"lovsang-med-afrikansk-touch","status":"publish","type":"post","link":"http:\/\/blogg.varldenidag.se\/musik\/lovsang-med-afrikansk-touch\/","title":{"rendered":"Lovs\u00e5ng med afrikansk touch"},"content":{"rendered":"<p><strong>Zinhle Elkjaer <\/strong>\u00e4r tjejen fr\u00e5n Sydafrika som efter att ha bott i l\u00e4nder som \u00d6sterrike, Tyskland och Danmark nu har hamnat i Sverige. Genom sin musik vill hon f\u00f6rmedla Guds k\u00e4rlek, och det g\u00f6r hon genom vackra, l\u00e5gm\u00e4lda, avslappnade l\u00e5tar inramade av gnistrande arrangemang.<br \/>\nHennes f\u00f6rsta skiva <em>My Soul Sings <\/em>ger en \u00e4kta k\u00e4nsla, d\u00e4r Zinhles<strong> <\/strong>lovs\u00e5nger \u00e4ter sig in till hj\u00e4rtat. Vackert, finst\u00e4mmigt och mycket bra! H\u00e5ll utkik efter denna lovs\u00e5ngsledare \u2013 det \u00e4r sannolikt inte sista g\u00e5ngen du h\u00f6r talas om henne.<\/p>\n<p><strong>Spotify-l\u00e4nk: <a href=\"http:\/\/open.spotify.com\/track\/4WJOgume9NODYNP18rINqk\">Zinhle Elkjaer \u2013 Hallelujah<\/a><\/strong><\/p>\n<p><a href=\"http:\/\/glowingvibe.files.wordpress.com\/2013\/08\/zinhleelkjaer.jpg\"><img loading=\"lazy\" decoding=\"async\" class=\"aligncenter\" alt=\"zinhleelkjaer\" src=\"http:\/\/glowingvibe.files.wordpress.com\/2013\/08\/zinhleelkjaer.jpg\" width=\"200\" height=\"200\" \/><\/a><\/p>\n","protected":false},"excerpt":{"rendered":"<p>Zinhle Elkjaer \u00e4r tjejen fr\u00e5n Sydafrika som efter att ha bott i l\u00e4nder som \u00d6sterrike, Tyskland och Danmark nu har hamnat i Sverige. Genom sin musik vill [&hellip;]<\/p>\n","protected":false},"author":15,"featured_media":1567,"comment_status":"open","ping_status":"open","sticky":false,"template":"","format":"standard","meta":{"footnotes":"","_links_to":"","_links_to_target":""},"categories":[1],"tags":[344],"class_list":["post-1543","post","type-post","status-publish","format-standard","has-post-thumbnail","hentry","category-musik","tag-zinhle-elkjaer"],"_links":{"self":[{"href":"http:\/\/blogg.varldenidag.se\/musik\/wp-json\/wp\/v2\/posts\/1543","targetHints":{"allow":["GET"]}}],"collection":[{"href":"http:\/\/blogg.varldenidag.se\/musik\/wp-json\/wp\/v2\/posts"}],"about":[{"href":"http:\/\/blogg.varldenidag.se\/musik\/wp-json\/wp\/v2\/types\/post"}],"author":[{"embeddable":true,"href":"http:\/\/blogg.varldenidag.se\/musik\/wp-json\/wp\/v2\/users\/15"}],"replies":[{"embeddable":true,"href":"http:\/\/blogg.varldenidag.se\/musik\/wp-json\/wp\/v2\/comments?post=1543"}],"version-history":[{"count":1,"href":"http:\/\/blogg.varldenidag.se\/musik\/wp-json\/wp\/v2\/posts\/1543\/revisions"}],"predecessor-version":[{"id":1568,"href":"http:\/\/blogg.varldenidag.se\/musik\/wp-json\/wp\/v2\/posts\/1543\/revisions\/1568"}],"wp:featuredmedia":[{"embeddable":true,"href":"http:\/\/blogg.varldenidag.se\/musik\/wp-json\/wp\/v2\/media\/1567"}],"wp:attachment":[{"href":"http:\/\/blogg.varldenidag.se\/musik\/wp-json\/wp\/v2\/media?parent=1543"}],"wp:term":[{"taxonomy":"category","embeddable":true,"href":"http:\/\/blogg.varldenidag.se\/musik\/wp-json\/wp\/v2\/categories?post=1543"},{"taxonomy":"post_tag","embeddable":true,"href":"http:\/\/blogg.varldenidag.se\/musik\/wp-json\/wp\/v2\/tags?post=1543"}],"curies":[{"name":"wp","href":"https:\/\/api.w.org\/{rel}","templated":true}]}}