{"id":1539,"date":"2013-08-27T14:42:39","date_gmt":"2013-08-27T12:42:39","guid":{"rendered":"http:\/\/blogg.varldenidag.se\/musik\/?p=1539"},"modified":"2013-08-27T14:47:08","modified_gmt":"2013-08-27T12:47:08","slug":"natalie-grant-klattrar-pa-listorna","status":"publish","type":"post","link":"http:\/\/blogg.varldenidag.se\/musik\/natalie-grant-klattrar-pa-listorna\/","title":{"rendered":"Natalie Grant kl\u00e4ttrar p\u00e5 listorna"},"content":{"rendered":"<p><strong><\/strong>Om man ska n\u00e4mna de stora kvinnliga artisterna p\u00e5 den kristna scenen just nu \u00e4r det sv\u00e5rt att utel\u00e4mna <strong>Natalie Grant. <\/strong>41-\u00e5ringen har sedan 1999 f\u00f6rsett lyssnarna med stark musik, d\u00e4r hennes fantastiska r\u00f6st f\u00e5r stort utrymme. Personligen gillar jag henne som allra mest n\u00e4r hon sjunger lugna ballader \u2013 d\u00e4r r\u00f6sten verkligen blir b\u00e4rande \u2013 men bevisligen kan Natalie Grant<strong> <\/strong>\u00e4ven beh\u00e4rska uptempo. F\u00f6r den nya singeln \u201dHurricane\u201d kl\u00e4ttrar flitigt p\u00e5 listor i hemlandet USA, och banar v\u00e4g f\u00f6r den kommande skivan med samma namn.<\/p>\n<p>Plattan blir hennes \u00e5ttonde i ordningen, och s\u00e5 sent som f\u00f6rra \u00e5ret vann hon bland annat en Dove Award som \u201dFemale Vocalist of The Year\u201d &#8211; blir det m\u00e5nne fler nomineringar och priser med \u201dHurricane\u201d i bagaget&#8230;?<\/p>\n<p><strong>Spotify-l\u00e4nk: <a href=\"http:\/\/open.spotify.com\/track\/644MS8B37kCnrknUv0H3GB\">Natalie Grant \u2013 Hurricane<\/a><br \/>\n<\/strong><\/p>\n<p><a href=\"http:\/\/glowingvibe.files.wordpress.com\/2013\/08\/c3e117b980d98ce204c8ba94f05e1acd.jpg\"><img loading=\"lazy\" decoding=\"async\" class=\"aligncenter\" alt=\"c3e117b980d98ce204c8ba94f05e1acd\" src=\"http:\/\/glowingvibe.files.wordpress.com\/2013\/08\/c3e117b980d98ce204c8ba94f05e1acd.jpg?w=300\" width=\"300\" height=\"300\" \/><\/a><\/p>\n","protected":false},"excerpt":{"rendered":"<p>Om man ska n\u00e4mna de stora kvinnliga artisterna p\u00e5 den kristna scenen just nu \u00e4r det sv\u00e5rt att utel\u00e4mna Natalie Grant. 41-\u00e5ringen har sedan 1999 f\u00f6rsett lyssnarna [&hellip;]<\/p>\n","protected":false},"author":15,"featured_media":1551,"comment_status":"open","ping_status":"open","sticky":false,"template":"","format":"standard","meta":{"footnotes":"","_links_to":"","_links_to_target":""},"categories":[1],"tags":[340],"class_list":["post-1539","post","type-post","status-publish","format-standard","has-post-thumbnail","hentry","category-musik","tag-natalie-grant"],"_links":{"self":[{"href":"http:\/\/blogg.varldenidag.se\/musik\/wp-json\/wp\/v2\/posts\/1539","targetHints":{"allow":["GET"]}}],"collection":[{"href":"http:\/\/blogg.varldenidag.se\/musik\/wp-json\/wp\/v2\/posts"}],"about":[{"href":"http:\/\/blogg.varldenidag.se\/musik\/wp-json\/wp\/v2\/types\/post"}],"author":[{"embeddable":true,"href":"http:\/\/blogg.varldenidag.se\/musik\/wp-json\/wp\/v2\/users\/15"}],"replies":[{"embeddable":true,"href":"http:\/\/blogg.varldenidag.se\/musik\/wp-json\/wp\/v2\/comments?post=1539"}],"version-history":[{"count":4,"href":"http:\/\/blogg.varldenidag.se\/musik\/wp-json\/wp\/v2\/posts\/1539\/revisions"}],"predecessor-version":[{"id":1553,"href":"http:\/\/blogg.varldenidag.se\/musik\/wp-json\/wp\/v2\/posts\/1539\/revisions\/1553"}],"wp:featuredmedia":[{"embeddable":true,"href":"http:\/\/blogg.varldenidag.se\/musik\/wp-json\/wp\/v2\/media\/1551"}],"wp:attachment":[{"href":"http:\/\/blogg.varldenidag.se\/musik\/wp-json\/wp\/v2\/media?parent=1539"}],"wp:term":[{"taxonomy":"category","embeddable":true,"href":"http:\/\/blogg.varldenidag.se\/musik\/wp-json\/wp\/v2\/categories?post=1539"},{"taxonomy":"post_tag","embeddable":true,"href":"http:\/\/blogg.varldenidag.se\/musik\/wp-json\/wp\/v2\/tags?post=1539"}],"curies":[{"name":"wp","href":"https:\/\/api.w.org\/{rel}","templated":true}]}}