{"id":1537,"date":"2013-09-06T07:00:04","date_gmt":"2013-09-06T05:00:04","guid":{"rendered":"http:\/\/blogg.varldenidag.se\/musik\/?p=1537"},"modified":"2013-09-02T22:49:34","modified_gmt":"2013-09-02T20:49:34","slug":"jars-of-clay-tillbaka-med-ny-singel","status":"publish","type":"post","link":"http:\/\/blogg.varldenidag.se\/musik\/jars-of-clay-tillbaka-med-ny-singel\/","title":{"rendered":"Jars of Clay tillbaka med ny singel"},"content":{"rendered":"<p><em>Inland <\/em>\u00e4r namnet p\u00e5 <strong>Jars of Clays <\/strong>nya platta, som sl\u00e4pptes i USA den 27:e augusti. Och bandet har dubbel anledning att fira \u2013 inte bara \u00e4r skivan deras tionde, utan dessutom firar grabbarna \u00e4ven 20-\u00e5rsjubileum i \u00e5r. Och vilken karri\u00e4r de har att blicka tillbaka p\u00e5. Inte minst rivstartade bandet genom att bli det kristna band som \u2013 fram tills dess \u2013 n\u00e5dde ut l\u00e4ngst p\u00e5 mainstream-marknaden, genom sin sj\u00e4lvbetitlade debut. Och uppf\u00f6ljaren <em>Much Afraid <\/em>s\u00e5lde \u00e4ven den som sm\u00f6r i solsken.<\/p>\n<p>20 \u00e5r efter starten har bandet s\u00e5lt flera miljoner skivor, turnerat v\u00e4rlden \u00f6ver, och blivit ett av de allra, allra st\u00f6rsta banden p\u00e5 den kristna scenen.\u00a0Men lika of\u00f6rtrutet forts\u00e4tter bandet att sl\u00e4ppa skivor. Och lika oblygt forts\u00e4tter de att spotta ur sig hits. &#8221;After The Fight&#8221; \u00e4r f\u00f6rsta smakprovet fr\u00e5n nya skivan, och visst k\u00e4nns bandet fortfarande igen. <strong>Dan Haseltine <\/strong>och hans mannar vet sannerligen hur man levererar bra musik \u2013 \u00e4ven 2013.<\/p>\n<p><strong>Spotify-l\u00e4nk: <a href=\"http:\/\/open.spotify.com\/track\/2eTz19kyy00dQw2u77FkF0\">Jars Of Clay \u2013 After the Fight<\/a><br \/>\n<\/strong><\/p>\n","protected":false},"excerpt":{"rendered":"<p>Inland \u00e4r namnet p\u00e5 Jars of Clays nya platta, som sl\u00e4pptes i USA den 27:e augusti. Och bandet har dubbel anledning att fira \u2013 inte bara \u00e4r [&hellip;]<\/p>\n","protected":false},"author":15,"featured_media":1561,"comment_status":"open","ping_status":"open","sticky":false,"template":"","format":"standard","meta":{"footnotes":"","_links_to":"","_links_to_target":""},"categories":[1],"tags":[130],"class_list":["post-1537","post","type-post","status-publish","format-standard","has-post-thumbnail","hentry","category-musik","tag-jars-of-clay"],"_links":{"self":[{"href":"http:\/\/blogg.varldenidag.se\/musik\/wp-json\/wp\/v2\/posts\/1537","targetHints":{"allow":["GET"]}}],"collection":[{"href":"http:\/\/blogg.varldenidag.se\/musik\/wp-json\/wp\/v2\/posts"}],"about":[{"href":"http:\/\/blogg.varldenidag.se\/musik\/wp-json\/wp\/v2\/types\/post"}],"author":[{"embeddable":true,"href":"http:\/\/blogg.varldenidag.se\/musik\/wp-json\/wp\/v2\/users\/15"}],"replies":[{"embeddable":true,"href":"http:\/\/blogg.varldenidag.se\/musik\/wp-json\/wp\/v2\/comments?post=1537"}],"version-history":[{"count":2,"href":"http:\/\/blogg.varldenidag.se\/musik\/wp-json\/wp\/v2\/posts\/1537\/revisions"}],"predecessor-version":[{"id":1562,"href":"http:\/\/blogg.varldenidag.se\/musik\/wp-json\/wp\/v2\/posts\/1537\/revisions\/1562"}],"wp:featuredmedia":[{"embeddable":true,"href":"http:\/\/blogg.varldenidag.se\/musik\/wp-json\/wp\/v2\/media\/1561"}],"wp:attachment":[{"href":"http:\/\/blogg.varldenidag.se\/musik\/wp-json\/wp\/v2\/media?parent=1537"}],"wp:term":[{"taxonomy":"category","embeddable":true,"href":"http:\/\/blogg.varldenidag.se\/musik\/wp-json\/wp\/v2\/categories?post=1537"},{"taxonomy":"post_tag","embeddable":true,"href":"http:\/\/blogg.varldenidag.se\/musik\/wp-json\/wp\/v2\/tags?post=1537"}],"curies":[{"name":"wp","href":"https:\/\/api.w.org\/{rel}","templated":true}]}}