{"id":1533,"date":"2013-09-02T22:40:15","date_gmt":"2013-09-02T20:40:15","guid":{"rendered":"http:\/\/blogg.varldenidag.se\/musik\/?p=1533"},"modified":"2013-09-02T22:41:17","modified_gmt":"2013-09-02T20:41:17","slug":"overlevaren-imponerar-starkt","status":"publish","type":"post","link":"http:\/\/blogg.varldenidag.se\/musik\/overlevaren-imponerar-starkt\/","title":{"rendered":"\u00d6verlevaren imponerar starkt"},"content":{"rendered":"<p>2001 fick <strong>Tim Timmons <\/strong>beskedet att han hade f\u00e5tt cancer och hade max fem \u00e5r kvar att leva. Nu har snubben, 12 \u00e5r senare, skivdebuterat p\u00e5 stort bolag. Det \u00e4r en skivdebut som visserligen tagit viss tid p\u00e5 sig \u2013 han har hunnit fylla 37 \u00e5r \u2013 men s\u00e5 briljant som hans f\u00f6rsta singel <em>Starts With Me <\/em>\u00e4r s\u00e5 har det sannerligen varit v\u00e4rt all v\u00e4ntan!<br \/>\nDet \u00e4r singer\/songwriter-stuk som g\u00e4ller, och med en refr\u00e4ng och melodi som limmar sig fast p\u00e5 hj\u00e4rnan redan efter bara n\u00e5gra sekunder in i l\u00e5ten. Mycket, mycket bra!<br \/>\nLyssna in singeln och utforska vidare Tim Timmons debutalbum, <em>Cast My Cares.<\/em><\/p>\n<p><strong>Spotify-l\u00e4nk: <a href=\"http:\/\/open.spotify.com\/track\/6sio3UGjtYpYgg9Ez3Q6os\">Tim Timmons \u2013 Starts With Me<\/a><\/strong><\/p>\n","protected":false},"excerpt":{"rendered":"<p>2001 fick Tim Timmons beskedet att han hade f\u00e5tt cancer och hade max fem \u00e5r kvar att leva. Nu har snubben, 12 \u00e5r senare, skivdebuterat p\u00e5 stort [&hellip;]<\/p>\n","protected":false},"author":15,"featured_media":1555,"comment_status":"open","ping_status":"open","sticky":false,"template":"","format":"standard","meta":{"footnotes":"","_links_to":"","_links_to_target":""},"categories":[1],"tags":[341],"class_list":["post-1533","post","type-post","status-publish","format-standard","has-post-thumbnail","hentry","category-musik","tag-tim-timmons"],"_links":{"self":[{"href":"http:\/\/blogg.varldenidag.se\/musik\/wp-json\/wp\/v2\/posts\/1533","targetHints":{"allow":["GET"]}}],"collection":[{"href":"http:\/\/blogg.varldenidag.se\/musik\/wp-json\/wp\/v2\/posts"}],"about":[{"href":"http:\/\/blogg.varldenidag.se\/musik\/wp-json\/wp\/v2\/types\/post"}],"author":[{"embeddable":true,"href":"http:\/\/blogg.varldenidag.se\/musik\/wp-json\/wp\/v2\/users\/15"}],"replies":[{"embeddable":true,"href":"http:\/\/blogg.varldenidag.se\/musik\/wp-json\/wp\/v2\/comments?post=1533"}],"version-history":[{"count":4,"href":"http:\/\/blogg.varldenidag.se\/musik\/wp-json\/wp\/v2\/posts\/1533\/revisions"}],"predecessor-version":[{"id":1558,"href":"http:\/\/blogg.varldenidag.se\/musik\/wp-json\/wp\/v2\/posts\/1533\/revisions\/1558"}],"wp:featuredmedia":[{"embeddable":true,"href":"http:\/\/blogg.varldenidag.se\/musik\/wp-json\/wp\/v2\/media\/1555"}],"wp:attachment":[{"href":"http:\/\/blogg.varldenidag.se\/musik\/wp-json\/wp\/v2\/media?parent=1533"}],"wp:term":[{"taxonomy":"category","embeddable":true,"href":"http:\/\/blogg.varldenidag.se\/musik\/wp-json\/wp\/v2\/categories?post=1533"},{"taxonomy":"post_tag","embeddable":true,"href":"http:\/\/blogg.varldenidag.se\/musik\/wp-json\/wp\/v2\/tags?post=1533"}],"curies":[{"name":"wp","href":"https:\/\/api.w.org\/{rel}","templated":true}]}}