{"id":1531,"date":"2013-08-21T07:00:36","date_gmt":"2013-08-21T05:00:36","guid":{"rendered":"http:\/\/blogg.varldenidag.se\/musik\/?p=1531"},"modified":"2013-08-19T10:10:53","modified_gmt":"2013-08-19T08:10:53","slug":"phil-wickham-slapper-nytt","status":"publish","type":"post","link":"http:\/\/blogg.varldenidag.se\/musik\/phil-wickham-slapper-nytt\/","title":{"rendered":"Phil Wickham sl\u00e4pper nytt"},"content":{"rendered":"<p>24 september \u00e4r datumet f\u00f6r alla <strong>Phil Wickham<\/strong>-fans att h\u00e5lla koll p\u00e5! D\u00e5 sl\u00e4pps <em>The Ascension<\/em>, 29-\u00e5rige singer\/songwriterns\u00a0sj\u00e4tte album i ordningen (bortr\u00e4knat en julskiva och tv\u00e5 fantastiska singalong-skivor). Personligen \u00e4r gossen fr\u00e5n San Diego i USA en av mina stora favoriter, inte minst f\u00f6r hans r\u00f6st som borde g\u00f6ra vilken grabb som helst avundsjuk. Men lika mycket \u00e4r hans l\u00e5tar vackra, genomarbetade hantverk som lyfts till skyarna av r\u00f6sten.<\/p>\n<p>Phil Wickham har, med allt r\u00e4tt, blivit ett av de riktigt stora namnen i USA, och naturligtvis \u00e4r f\u00f6rv\u00e4ntningarna stora p\u00e5 hans nya skiva. Men\u00a0&#8221;This Is Amazing Grace&#8221;<em>, <\/em>f\u00f6rsta smakprovet fr\u00e5n kommande plattan,\u00a0g\u00f6r att fansen kan sova lugnt \u00e4ven fram till releasen \u2013 den b\u00e5dar mycket gott. Och har du inte \u00e4nnu lyssnat in denna naturbeg\u00e5vning&#8230; tja, d\u00e5 \u00e4r det v\u00e4l h\u00f6g tid!!<\/p>\n<p><strong>Spotify-l\u00e4nk: <a href=\"http:\/\/open.spotify.com\/track\/7arbUrZsbmrviubLMP7dIk\">Phil Wickham \u2013 This Is Amazing Grace<\/a><br \/>\n<\/strong><\/p>\n<p><a href=\"http:\/\/glowingvibe.files.wordpress.com\/2013\/08\/413k4hjttul__sl500_aa280_.jpg\"><img loading=\"lazy\" decoding=\"async\" class=\"aligncenter\" alt=\"413k4HjttUL__SL500_AA280_\" src=\"http:\/\/glowingvibe.files.wordpress.com\/2013\/08\/413k4hjttul__sl500_aa280_.jpg\" width=\"280\" height=\"280\" \/><\/a><\/p>\n","protected":false},"excerpt":{"rendered":"<p>24 september \u00e4r datumet f\u00f6r alla Phil Wickham-fans att h\u00e5lla koll p\u00e5! D\u00e5 sl\u00e4pps The Ascension, 29-\u00e5rige singer\/songwriterns\u00a0sj\u00e4tte album i ordningen (bortr\u00e4knat en julskiva och tv\u00e5 fantastiska [&hellip;]<\/p>\n","protected":false},"author":15,"featured_media":1548,"comment_status":"open","ping_status":"open","sticky":false,"template":"","format":"standard","meta":{"footnotes":"","_links_to":"","_links_to_target":""},"categories":[1],"tags":[245],"class_list":["post-1531","post","type-post","status-publish","format-standard","has-post-thumbnail","hentry","category-musik","tag-phil-wickham"],"_links":{"self":[{"href":"http:\/\/blogg.varldenidag.se\/musik\/wp-json\/wp\/v2\/posts\/1531","targetHints":{"allow":["GET"]}}],"collection":[{"href":"http:\/\/blogg.varldenidag.se\/musik\/wp-json\/wp\/v2\/posts"}],"about":[{"href":"http:\/\/blogg.varldenidag.se\/musik\/wp-json\/wp\/v2\/types\/post"}],"author":[{"embeddable":true,"href":"http:\/\/blogg.varldenidag.se\/musik\/wp-json\/wp\/v2\/users\/15"}],"replies":[{"embeddable":true,"href":"http:\/\/blogg.varldenidag.se\/musik\/wp-json\/wp\/v2\/comments?post=1531"}],"version-history":[{"count":3,"href":"http:\/\/blogg.varldenidag.se\/musik\/wp-json\/wp\/v2\/posts\/1531\/revisions"}],"predecessor-version":[{"id":1549,"href":"http:\/\/blogg.varldenidag.se\/musik\/wp-json\/wp\/v2\/posts\/1531\/revisions\/1549"}],"wp:featuredmedia":[{"embeddable":true,"href":"http:\/\/blogg.varldenidag.se\/musik\/wp-json\/wp\/v2\/media\/1548"}],"wp:attachment":[{"href":"http:\/\/blogg.varldenidag.se\/musik\/wp-json\/wp\/v2\/media?parent=1531"}],"wp:term":[{"taxonomy":"category","embeddable":true,"href":"http:\/\/blogg.varldenidag.se\/musik\/wp-json\/wp\/v2\/categories?post=1531"},{"taxonomy":"post_tag","embeddable":true,"href":"http:\/\/blogg.varldenidag.se\/musik\/wp-json\/wp\/v2\/tags?post=1531"}],"curies":[{"name":"wp","href":"https:\/\/api.w.org\/{rel}","templated":true}]}}