{"id":1416,"date":"2013-06-05T07:00:57","date_gmt":"2013-06-05T05:00:57","guid":{"rendered":"http:\/\/blogg.varldenidag.se\/musik\/?p=1416"},"modified":"2013-05-24T08:48:07","modified_gmt":"2013-05-24T06:48:07","slug":"spannande-svensk-debut","status":"publish","type":"post","link":"http:\/\/blogg.varldenidag.se\/musik\/spannande-svensk-debut\/","title":{"rendered":"Sp\u00e4nnande svensk debut"},"content":{"rendered":"<p><strong>John n&#8217; John Sweden<\/strong>. D\u00e4r har du ett nytt bandnamn att l\u00e4gga p\u00e5 minnet. Det svenska bandet har precis sl\u00e4ppt sin debutskiva, <em>My Heart Wanna Sing, <\/em>och det \u00e4r ett album som ger mersmak. Sj\u00e4lva beskriver de att de har &#8221;ett tydligt Jesusfokus&#8221;, och det \u00e4r inget som de ger hemlighet av. Texterna \u00e4r v\u00e4lskrivna och har ett klart budskap, och inramas av b\u00e5de en sk\u00f6n r\u00f6st och sk\u00f6na arrangemang. Musikaliskt sveper det iv\u00e4g \u00e5t s\u00e5v\u00e4l pop- och rockh\u00e5llet, n\u00e5gon g\u00e5ng med en gnutta blues, och trots att b\u00e5de bandnamn och albumnamn \u00e4r engelska, s\u00e5 bjuder de \u00e4ven p\u00e5 ett par l\u00e5tar p\u00e5 svenska. Men allra b\u00e4st \u00e4r de, i mitt tycke, n\u00e4r de sl\u00e4pper loss lite mer i &#8221;Sing For Life&#8221;<em> . <\/em>En klar hitvarning! Innerliga &#8221;The Voice Of Love&#8221;<em> <\/em>tillh\u00f6r ocks\u00e5 en av favoriterna, mycket tack vare en passionerad s\u00e5nginsats, och likas\u00e5 &#8221;Salvation Day&#8221;.<\/p>\n<p>N\u00e4r man lyssnar p\u00e5 <em>My Heart Wanna Sing <\/em>\u00e4r det sv\u00e5rt att tro att detta band faktiskt bara har spelat ihop i n\u00e5gra f\u00e5 m\u00e5nader. Djupet finns redan h\u00e4r; det \u00e4r samspelt, v\u00e4loljat och varierat. Passionen k\u00e4nns \u00e4kta. Och p\u00e5 riktigt. Det \u00e4r en debut som imponerar och som ger viljan att h\u00f6ra mer. F\u00f6r om de presterat detta p\u00e5 bara n\u00e5gra m\u00e5nader, hur ska det d\u00e5 l\u00e5ta om de f\u00e5r lite mer tid p\u00e5 sig?<\/p>\n<p>Fotnot: Vill du se dem live i sommar, s\u00e5 ger de en spelning p\u00e5 L\u00f6ttorps camping p\u00e5 \u00d6land. Konserten kommer senare att visas p\u00e5 Kanal 10.<\/p>\n<p><strong>Spotify-l\u00e4nk: <\/strong><a href=\"http:\/\/open.spotify.com\/album\/7gYLyCVpWmmTziPRCnwbRu\">John n&#8217; John Sweden \u2013 My heart wanna sing<\/a><\/p>\n<p><a href=\"http:\/\/glowingvibe.files.wordpress.com\/2013\/05\/johnnjohn-1024x1024.jpg\"><img loading=\"lazy\" decoding=\"async\" class=\"aligncenter\" alt=\"JohnNJohn-1024x1024\" src=\"http:\/\/glowingvibe.files.wordpress.com\/2013\/05\/johnnjohn-1024x1024.jpg?w=300\" width=\"300\" height=\"300\" \/><\/a><\/p>\n","protected":false},"excerpt":{"rendered":"<p>John n&#8217; John Sweden. D\u00e4r har du ett nytt bandnamn att l\u00e4gga p\u00e5 minnet. Det svenska bandet har precis sl\u00e4ppt sin debutskiva, My Heart Wanna Sing, och [&hellip;]<\/p>\n","protected":false},"author":15,"featured_media":1433,"comment_status":"open","ping_status":"open","sticky":false,"template":"","format":"standard","meta":{"footnotes":"","_links_to":"","_links_to_target":""},"categories":[1],"tags":[325],"class_list":["post-1416","post","type-post","status-publish","format-standard","has-post-thumbnail","hentry","category-musik","tag-john-n-john-sweden"],"_links":{"self":[{"href":"http:\/\/blogg.varldenidag.se\/musik\/wp-json\/wp\/v2\/posts\/1416","targetHints":{"allow":["GET"]}}],"collection":[{"href":"http:\/\/blogg.varldenidag.se\/musik\/wp-json\/wp\/v2\/posts"}],"about":[{"href":"http:\/\/blogg.varldenidag.se\/musik\/wp-json\/wp\/v2\/types\/post"}],"author":[{"embeddable":true,"href":"http:\/\/blogg.varldenidag.se\/musik\/wp-json\/wp\/v2\/users\/15"}],"replies":[{"embeddable":true,"href":"http:\/\/blogg.varldenidag.se\/musik\/wp-json\/wp\/v2\/comments?post=1416"}],"version-history":[{"count":1,"href":"http:\/\/blogg.varldenidag.se\/musik\/wp-json\/wp\/v2\/posts\/1416\/revisions"}],"predecessor-version":[{"id":1434,"href":"http:\/\/blogg.varldenidag.se\/musik\/wp-json\/wp\/v2\/posts\/1416\/revisions\/1434"}],"wp:featuredmedia":[{"embeddable":true,"href":"http:\/\/blogg.varldenidag.se\/musik\/wp-json\/wp\/v2\/media\/1433"}],"wp:attachment":[{"href":"http:\/\/blogg.varldenidag.se\/musik\/wp-json\/wp\/v2\/media?parent=1416"}],"wp:term":[{"taxonomy":"category","embeddable":true,"href":"http:\/\/blogg.varldenidag.se\/musik\/wp-json\/wp\/v2\/categories?post=1416"},{"taxonomy":"post_tag","embeddable":true,"href":"http:\/\/blogg.varldenidag.se\/musik\/wp-json\/wp\/v2\/tags?post=1416"}],"curies":[{"name":"wp","href":"https:\/\/api.w.org\/{rel}","templated":true}]}}