{"id":1404,"date":"2013-05-30T07:00:41","date_gmt":"2013-05-30T05:00:41","guid":{"rendered":"http:\/\/blogg.varldenidag.se\/musik\/?p=1404"},"modified":"2013-05-24T08:41:07","modified_gmt":"2013-05-24T06:41:07","slug":"hollandare-bjuder-pa-parad","status":"publish","type":"post","link":"http:\/\/blogg.varldenidag.se\/musik\/hollandare-bjuder-pa-parad\/","title":{"rendered":"Holl\u00e4ndare bjuder p\u00e5 parad"},"content":{"rendered":"<p>F\u00f6r f\u00f6rsta g\u00e5ngen i den h\u00e4r bloggens historia ska vi rikta blickarna mot ett tulpanernas land, Holland. D\u00e4rifr\u00e5n kommer <strong>Draw The Parade<\/strong>, ett sex man starkt band som vill skapa paradmusik p\u00e5 sitt eget s\u00e4tt. Senaste singeln, <em>I Came Here To Dance <\/em>beskriver de sj\u00e4lva som paradpop; &#8221;en mix av teaterl\u00e5tar och dansat grund som f\u00f6rfinats med horn-arrangemang, och allt samlat i ett sv\u00e4ngig popnummer&#8221;. Tja, sv\u00e4ng har de f\u00e5tt till dessa gossar. Vad tycker du?<\/p>\n<p><strong>Spotify-l\u00e4nk: <\/strong><a href=\"http:\/\/open.spotify.com\/track\/026rUldFi3s4dGiRrKFJym\">Draw the Parade \u2013 I Came Here to Dance<\/a><br \/>\n<strong>WiMP-l\u00e4nk: <a href=\"http:\/\/wimpmusic.se\/album\/18908179\">http:\/\/wimpmusic.se\/album\/18908179<\/a><br \/>\n<\/strong><strong>YouTube-l\u00e4nk: <a href=\"http:\/\/www.youtube.com\/watch?v=mKdFXFD1Qfw\">http:\/\/www.youtube.com\/watch?v=mKdFXFD1Qfw<\/a><\/strong><\/p>\n<p><a href=\"http:\/\/glowingvibe.files.wordpress.com\/2013\/05\/daw.jpg\"><img loading=\"lazy\" decoding=\"async\" class=\"aligncenter\" alt=\"daw\" src=\"http:\/\/glowingvibe.files.wordpress.com\/2013\/05\/daw.jpg?w=300\" width=\"300\" height=\"189\" \/><\/a><\/p>\n","protected":false},"excerpt":{"rendered":"<p>F\u00f6r f\u00f6rsta g\u00e5ngen i den h\u00e4r bloggens historia ska vi rikta blickarna mot ett tulpanernas land, Holland. D\u00e4rifr\u00e5n kommer Draw The Parade, ett sex man starkt band [&hellip;]<\/p>\n","protected":false},"author":15,"featured_media":1426,"comment_status":"open","ping_status":"open","sticky":false,"template":"","format":"standard","meta":{"footnotes":"","_links_to":"","_links_to_target":""},"categories":[1],"tags":[322],"class_list":["post-1404","post","type-post","status-publish","format-standard","has-post-thumbnail","hentry","category-musik","tag-draw-the-parade"],"_links":{"self":[{"href":"http:\/\/blogg.varldenidag.se\/musik\/wp-json\/wp\/v2\/posts\/1404","targetHints":{"allow":["GET"]}}],"collection":[{"href":"http:\/\/blogg.varldenidag.se\/musik\/wp-json\/wp\/v2\/posts"}],"about":[{"href":"http:\/\/blogg.varldenidag.se\/musik\/wp-json\/wp\/v2\/types\/post"}],"author":[{"embeddable":true,"href":"http:\/\/blogg.varldenidag.se\/musik\/wp-json\/wp\/v2\/users\/15"}],"replies":[{"embeddable":true,"href":"http:\/\/blogg.varldenidag.se\/musik\/wp-json\/wp\/v2\/comments?post=1404"}],"version-history":[{"count":3,"href":"http:\/\/blogg.varldenidag.se\/musik\/wp-json\/wp\/v2\/posts\/1404\/revisions"}],"predecessor-version":[{"id":1427,"href":"http:\/\/blogg.varldenidag.se\/musik\/wp-json\/wp\/v2\/posts\/1404\/revisions\/1427"}],"wp:featuredmedia":[{"embeddable":true,"href":"http:\/\/blogg.varldenidag.se\/musik\/wp-json\/wp\/v2\/media\/1426"}],"wp:attachment":[{"href":"http:\/\/blogg.varldenidag.se\/musik\/wp-json\/wp\/v2\/media?parent=1404"}],"wp:term":[{"taxonomy":"category","embeddable":true,"href":"http:\/\/blogg.varldenidag.se\/musik\/wp-json\/wp\/v2\/categories?post=1404"},{"taxonomy":"post_tag","embeddable":true,"href":"http:\/\/blogg.varldenidag.se\/musik\/wp-json\/wp\/v2\/tags?post=1404"}],"curies":[{"name":"wp","href":"https:\/\/api.w.org\/{rel}","templated":true}]}}