{"id":138,"date":"2012-07-14T12:10:11","date_gmt":"2012-07-14T10:10:11","guid":{"rendered":"http:\/\/blogg.varldenidag.se\/musik\/?p=138"},"modified":"2012-07-14T12:11:32","modified_gmt":"2012-07-14T10:11:32","slug":"uppat-for-musikbranschen","status":"publish","type":"post","link":"http:\/\/blogg.varldenidag.se\/musik\/uppat-for-musikbranschen\/","title":{"rendered":"Upp\u00e5t f\u00f6r musikbranschen"},"content":{"rendered":"<p><a href=\"http:\/\/blogg.varldenidag.se\/musik\/files\/2012\/07\/noter.jpg\"><img loading=\"lazy\" decoding=\"async\" class=\"alignnone  wp-image-139\" src=\"http:\/\/blogg.varldenidag.se\/musik\/files\/2012\/07\/noter-e1342260495698-1024x365.jpg\" alt=\"\" width=\"640\" height=\"228\" srcset=\"http:\/\/blogg.varldenidag.se\/musik\/files\/2012\/07\/noter-e1342260495698-1024x365.jpg 1024w, http:\/\/blogg.varldenidag.se\/musik\/files\/2012\/07\/noter-e1342260495698-300x107.jpg 300w\" sizes=\"auto, (max-width: 640px) 100vw, 640px\" \/><\/a><\/p>\n<p>Det g\u00e5r \u00e5terigen upp\u00e5t med f\u00f6rs\u00e4ljningen av musik i Sverige. Det visar siffror som presenterades av Grammofonleverant\u00f6rernas F\u00f6rening (GLF) ig\u00e5r. <em><\/em><\/p>\n<p>&#8221;Int\u00e4kterna fr\u00e5n streamingtj\u00e4nster steg med 79 procent f\u00f6rsta halv\u00e5ret i \u00e5r och st\u00e5r f\u00f6r mer \u00e4n h\u00e4lften av den totala f\u00f6rs\u00e4ljningen. Nu v\u00e4xer skivbolagens int\u00e4kter rej\u00e4lt f\u00f6r f\u00f6rsta g\u00e5ngen p\u00e5 l\u00e4nge &#8211; tack vare Spotify och liknande digitala musiktj\u00e4nster.&#8221;\u00a0(SVT.se ig\u00e5r). L\u00e4s mer h\u00e4r: <a href=\"http:\/\/www.svt.se\/nyheter\/ekonomi\/digital-boom-for-musikbranschen\" target=\"_blank\">www.svt.se\/nyheter\/ekonomi\/digital-boom-for-musikbranschen<\/a><\/p>\n<p>Detta \u00e4r ju en positiv utveckling f\u00f6r alla som producerar och ger ut musik.<\/p>\n","protected":false},"excerpt":{"rendered":"<p>Det g\u00e5r \u00e5terigen upp\u00e5t med f\u00f6rs\u00e4ljningen av musik i Sverige. Det visar siffror som presenterades av Grammofonleverant\u00f6rernas F\u00f6rening (GLF) ig\u00e5r. &#8221;Int\u00e4kterna fr\u00e5n streamingtj\u00e4nster steg med 79 procent [&hellip;]<\/p>\n","protected":false},"author":14,"featured_media":139,"comment_status":"open","ping_status":"open","sticky":false,"template":"","format":"standard","meta":{"footnotes":"","_links_to":"","_links_to_target":""},"categories":[1],"tags":[36,35,34],"class_list":["post-138","post","type-post","status-publish","format-standard","has-post-thumbnail","hentry","category-musik","tag-glf","tag-grammofonleverantorernas-forening","tag-musikbranschen"],"_links":{"self":[{"href":"http:\/\/blogg.varldenidag.se\/musik\/wp-json\/wp\/v2\/posts\/138","targetHints":{"allow":["GET"]}}],"collection":[{"href":"http:\/\/blogg.varldenidag.se\/musik\/wp-json\/wp\/v2\/posts"}],"about":[{"href":"http:\/\/blogg.varldenidag.se\/musik\/wp-json\/wp\/v2\/types\/post"}],"author":[{"embeddable":true,"href":"http:\/\/blogg.varldenidag.se\/musik\/wp-json\/wp\/v2\/users\/14"}],"replies":[{"embeddable":true,"href":"http:\/\/blogg.varldenidag.se\/musik\/wp-json\/wp\/v2\/comments?post=138"}],"version-history":[{"count":8,"href":"http:\/\/blogg.varldenidag.se\/musik\/wp-json\/wp\/v2\/posts\/138\/revisions"}],"predecessor-version":[{"id":147,"href":"http:\/\/blogg.varldenidag.se\/musik\/wp-json\/wp\/v2\/posts\/138\/revisions\/147"}],"wp:featuredmedia":[{"embeddable":true,"href":"http:\/\/blogg.varldenidag.se\/musik\/wp-json\/wp\/v2\/media\/139"}],"wp:attachment":[{"href":"http:\/\/blogg.varldenidag.se\/musik\/wp-json\/wp\/v2\/media?parent=138"}],"wp:term":[{"taxonomy":"category","embeddable":true,"href":"http:\/\/blogg.varldenidag.se\/musik\/wp-json\/wp\/v2\/categories?post=138"},{"taxonomy":"post_tag","embeddable":true,"href":"http:\/\/blogg.varldenidag.se\/musik\/wp-json\/wp\/v2\/tags?post=138"}],"curies":[{"name":"wp","href":"https:\/\/api.w.org\/{rel}","templated":true}]}}