{"id":1379,"date":"2013-05-16T08:39:32","date_gmt":"2013-05-16T06:39:32","guid":{"rendered":"http:\/\/blogg.varldenidag.se\/musik\/?p=1379"},"modified":"2013-05-16T08:39:32","modified_gmt":"2013-05-16T06:39:32","slug":"en-legend-ar-tillbaka","status":"publish","type":"post","link":"http:\/\/blogg.varldenidag.se\/musik\/en-legend-ar-tillbaka\/","title":{"rendered":"En legend \u00e4r tillbaka"},"content":{"rendered":"<p>Ska man n\u00e4mna de allra st\u00f6rsta p\u00e5 den kristna scenen s\u00e5 g\u00e5r det inte att f\u00f6rbi se veteranen <strong>Amy Grant. <\/strong>Redan 1977 sl\u00e4ppte hon sitt f\u00f6rsta album, och n\u00e5gra \u00e5r senare blev hon en av de f\u00f6rsta kristna artisterna att sl\u00e5 igenom \u00e4ven kommersiellt. 13 studioalbum och fyra julskivor senare har Amy hunnit fylla 52. Tittar hon i backspegeln kan hon blicka tillbaka p\u00e5 en hel del imponerande fakta; inte mindre \u00e4n sex g\u00e5nger har hon vunnit en amerikansk Grammy \u2013 och har dessutom varit nominerad sm\u00e5tt otroliga 12 g\u00e5nger ytterligare! Ska hon f\u00f6rs\u00f6ka skriva ner alla sina Dove Awards-vinster (kristen motsvarighet till Grammy) f\u00e5r hon ha rej\u00e4lt med papper; sansl\u00f6sa 22 stycken statyetter har hon hemma. Ja, ni f\u00f6rst\u00e5r sj\u00e4lva \u2013 Amy Grant \u00e4r n\u00e5got av en levande legend.<\/p>\n<p>Trots 52 \u00e5r fyllda verkar inte Nashville-s\u00e5ngerskan se n\u00e5got slut p\u00e5 sin karri\u00e4r. Tre \u00e5r har g\u00e5tt sedan senaste skivsl\u00e4ppet, men nu \u00e4r hon snart tillbaka med nytt i form av <em>How Mercy Looks From Here. <\/em>P\u00e5 f\u00f6rsta singelsl\u00e4ppet fr\u00e5n nya skivan \u2013 &#8221;Don&#8217;t Try So Hard&#8221; \u2013 g\u00f6r hon stillsam countrypop. Vid sin sida har hon ytterligare en legendar; <strong>James Taylor. <\/strong>Tja, vad ska man s\u00e4ga&#8230; Amy Grant visar att gammal \u00e4nd\u00e5 \u00e4r \u00e4ldst!<\/p>\n<p><strong>Spotify-l\u00e4nk: <a href=\"http:\/\/open.spotify.com\/track\/7j6VFgAjQOmT5gIFRYij2w\">Amy Grant \u2013 Don&#8217;t Try So Hard<\/a><br \/>\nWiMP-l\u00e4nk: <a href=\"http:\/\/wimpmusic.se\/album\/19686694\">http:\/\/wimpmusic.se\/album\/19686694<\/a><\/strong><\/p>\n<p><a href=\"http:\/\/glowingvibe.files.wordpress.com\/2013\/04\/how_mercy_looks_from_here.jpg\"><img loading=\"lazy\" decoding=\"async\" class=\"aligncenter\" alt=\"how_mercy_looks_from_here\" src=\"http:\/\/glowingvibe.files.wordpress.com\/2013\/04\/how_mercy_looks_from_here.jpg?w=300\" width=\"300\" height=\"300\" \/><\/a><\/p>\n","protected":false},"excerpt":{"rendered":"<p>Ska man n\u00e4mna de allra st\u00f6rsta p\u00e5 den kristna scenen s\u00e5 g\u00e5r det inte att f\u00f6rbi se veteranen Amy Grant. Redan 1977 sl\u00e4ppte hon sitt f\u00f6rsta album, [&hellip;]<\/p>\n","protected":false},"author":15,"featured_media":1409,"comment_status":"open","ping_status":"open","sticky":false,"template":"","format":"standard","meta":{"footnotes":"","_links_to":"","_links_to_target":""},"categories":[1],"tags":[317,318],"class_list":["post-1379","post","type-post","status-publish","format-standard","has-post-thumbnail","hentry","category-musik","tag-amy-grant","tag-james-taylor"],"_links":{"self":[{"href":"http:\/\/blogg.varldenidag.se\/musik\/wp-json\/wp\/v2\/posts\/1379","targetHints":{"allow":["GET"]}}],"collection":[{"href":"http:\/\/blogg.varldenidag.se\/musik\/wp-json\/wp\/v2\/posts"}],"about":[{"href":"http:\/\/blogg.varldenidag.se\/musik\/wp-json\/wp\/v2\/types\/post"}],"author":[{"embeddable":true,"href":"http:\/\/blogg.varldenidag.se\/musik\/wp-json\/wp\/v2\/users\/15"}],"replies":[{"embeddable":true,"href":"http:\/\/blogg.varldenidag.se\/musik\/wp-json\/wp\/v2\/comments?post=1379"}],"version-history":[{"count":2,"href":"http:\/\/blogg.varldenidag.se\/musik\/wp-json\/wp\/v2\/posts\/1379\/revisions"}],"predecessor-version":[{"id":1410,"href":"http:\/\/blogg.varldenidag.se\/musik\/wp-json\/wp\/v2\/posts\/1379\/revisions\/1410"}],"wp:featuredmedia":[{"embeddable":true,"href":"http:\/\/blogg.varldenidag.se\/musik\/wp-json\/wp\/v2\/media\/1409"}],"wp:attachment":[{"href":"http:\/\/blogg.varldenidag.se\/musik\/wp-json\/wp\/v2\/media?parent=1379"}],"wp:term":[{"taxonomy":"category","embeddable":true,"href":"http:\/\/blogg.varldenidag.se\/musik\/wp-json\/wp\/v2\/categories?post=1379"},{"taxonomy":"post_tag","embeddable":true,"href":"http:\/\/blogg.varldenidag.se\/musik\/wp-json\/wp\/v2\/tags?post=1379"}],"curies":[{"name":"wp","href":"https:\/\/api.w.org\/{rel}","templated":true}]}}