{"id":1344,"date":"2013-04-23T12:17:12","date_gmt":"2013-04-23T10:17:12","guid":{"rendered":"http:\/\/blogg.varldenidag.se\/musik\/?p=1344"},"modified":"2013-04-23T12:17:12","modified_gmt":"2013-04-23T10:17:12","slug":"salvador-sprider-gladje","status":"publish","type":"post","link":"http:\/\/blogg.varldenidag.se\/musik\/salvador-sprider-gladje\/","title":{"rendered":"Salvador sprider gl\u00e4dje"},"content":{"rendered":"<p>\u00c4nda sedan starten 1999 har <strong>Salvador <\/strong>spridit gl\u00e4dje omkring sig med sina latinamerikanska rytmer. Givetvis \u00e4r det inget undantag p\u00e5 nya skivan <em>Make Some Noise.<\/em> Det handlar om spelgl\u00e4dje, och sv\u00e4ngig musik som g\u00f6r det sv\u00e5rt att sitta still. Tidigare har Salvador bes\u00f6kt Gullbrannafestivalen utanf\u00f6r Halmstad, och i juli \u00e4r det dags igen! D\u00e5 entrar det sex man starka Texasbandet scenen i Skeppet, f\u00f6r att bjuda p\u00e5 gl\u00e4dje genom sin musik. Missa inte det!<\/p>\n<p><strong>Spotify-l\u00e4nk: <a href=\"http:\/\/open.spotify.com\/track\/791EAaJlWcFUIWc7sBqSbD\">Salvador \u2013 Make Some Noise<\/a><br \/>\nWiMP-l\u00e4nk: <a href=\"http:\/\/wimpmusic.se\/track\/18807899\">http:\/\/wimpmusic.se\/track\/18807899<\/a><\/strong><\/p>\n<p><a href=\"http:\/\/glowingvibe.files.wordpress.com\/2013\/04\/salvadormakesomenoise.jpg\"><img loading=\"lazy\" decoding=\"async\" class=\"aligncenter\" alt=\"salvadormakesomenoise\" src=\"http:\/\/glowingvibe.files.wordpress.com\/2013\/04\/salvadormakesomenoise.jpg\" width=\"300\" height=\"300\" \/><\/a><\/p>\n","protected":false},"excerpt":{"rendered":"<p>\u00c4nda sedan starten 1999 har Salvador spridit gl\u00e4dje omkring sig med sina latinamerikanska rytmer. Givetvis \u00e4r det inget undantag p\u00e5 nya skivan Make Some Noise. Det handlar [&hellip;]<\/p>\n","protected":false},"author":15,"featured_media":1364,"comment_status":"open","ping_status":"open","sticky":false,"template":"","format":"standard","meta":{"footnotes":"","_links_to":"","_links_to_target":""},"categories":[1],"tags":[253],"class_list":["post-1344","post","type-post","status-publish","format-standard","has-post-thumbnail","hentry","category-musik","tag-salvador"],"_links":{"self":[{"href":"http:\/\/blogg.varldenidag.se\/musik\/wp-json\/wp\/v2\/posts\/1344","targetHints":{"allow":["GET"]}}],"collection":[{"href":"http:\/\/blogg.varldenidag.se\/musik\/wp-json\/wp\/v2\/posts"}],"about":[{"href":"http:\/\/blogg.varldenidag.se\/musik\/wp-json\/wp\/v2\/types\/post"}],"author":[{"embeddable":true,"href":"http:\/\/blogg.varldenidag.se\/musik\/wp-json\/wp\/v2\/users\/15"}],"replies":[{"embeddable":true,"href":"http:\/\/blogg.varldenidag.se\/musik\/wp-json\/wp\/v2\/comments?post=1344"}],"version-history":[{"count":2,"href":"http:\/\/blogg.varldenidag.se\/musik\/wp-json\/wp\/v2\/posts\/1344\/revisions"}],"predecessor-version":[{"id":1365,"href":"http:\/\/blogg.varldenidag.se\/musik\/wp-json\/wp\/v2\/posts\/1344\/revisions\/1365"}],"wp:featuredmedia":[{"embeddable":true,"href":"http:\/\/blogg.varldenidag.se\/musik\/wp-json\/wp\/v2\/media\/1364"}],"wp:attachment":[{"href":"http:\/\/blogg.varldenidag.se\/musik\/wp-json\/wp\/v2\/media?parent=1344"}],"wp:term":[{"taxonomy":"category","embeddable":true,"href":"http:\/\/blogg.varldenidag.se\/musik\/wp-json\/wp\/v2\/categories?post=1344"},{"taxonomy":"post_tag","embeddable":true,"href":"http:\/\/blogg.varldenidag.se\/musik\/wp-json\/wp\/v2\/tags?post=1344"}],"curies":[{"name":"wp","href":"https:\/\/api.w.org\/{rel}","templated":true}]}}