{"id":1338,"date":"2013-04-15T11:00:24","date_gmt":"2013-04-15T09:00:24","guid":{"rendered":"http:\/\/blogg.varldenidag.se\/musik\/?p=1338"},"modified":"2013-04-15T11:00:24","modified_gmt":"2013-04-15T09:00:24","slug":"ny-ep-fran-jars-of-clay","status":"publish","type":"post","link":"http:\/\/blogg.varldenidag.se\/musik\/ny-ep-fran-jars-of-clay\/","title":{"rendered":"Ny EP fr\u00e5n Jars of Clay"},"content":{"rendered":"<p>Giganterna <strong>Jars of Clay <\/strong>beh\u00f6ver knappast n\u00e5gon n\u00e4rmre presentation. Ist\u00e4llet r\u00e4cker det med att konstatera att de grymma veteranerna nu sl\u00e4ppt en ny EP! <em>Under The Weather <\/em>\u00e4r namnet p\u00e5 den sex l\u00e5tar l\u00e5nga EP:n som spelats in i amerikanska staden Sellersville. EP:n inneh\u00e5ller sp\u00e5r b\u00e5de fr\u00e5n plattan <em>The Long Fall Back To Earth<\/em> och \u00e4ldre l\u00e5tar som klassikern <em>&#8221;Frail&#8221;. <\/em>Bra l\u00e5tar i ny tappning &#8211; kan inte bli mycket b\u00e4ttre \u00e4n s\u00e5!<\/p>\n<p><strong>Spotify-l\u00e4nk: <a href=\"http:\/\/open.spotify.com\/user\/coturnix\/playlist\/7m44PXRTwQk21dfvpG2vnL\">Jars Of Clay \u2013 Under the Weather (Live in Sellersville, Pa)<\/a><\/strong><\/p>\n<p><a href=\"http:\/\/glowingvibe.files.wordpress.com\/2013\/04\/thumb.jpg\"><img loading=\"lazy\" decoding=\"async\" class=\"aligncenter\" alt=\"thumb\" src=\"http:\/\/glowingvibe.files.wordpress.com\/2013\/04\/thumb.jpg?w=300\" width=\"300\" height=\"300\" \/><\/a><\/p>\n","protected":false},"excerpt":{"rendered":"<p>Giganterna Jars of Clay beh\u00f6ver knappast n\u00e5gon n\u00e4rmre presentation. Ist\u00e4llet r\u00e4cker det med att konstatera att de grymma veteranerna nu sl\u00e4ppt en ny EP! Under The Weather [&hellip;]<\/p>\n","protected":false},"author":15,"featured_media":1353,"comment_status":"open","ping_status":"open","sticky":false,"template":"","format":"standard","meta":{"footnotes":"","_links_to":"","_links_to_target":""},"categories":[1],"tags":[130],"class_list":["post-1338","post","type-post","status-publish","format-standard","has-post-thumbnail","hentry","category-musik","tag-jars-of-clay"],"_links":{"self":[{"href":"http:\/\/blogg.varldenidag.se\/musik\/wp-json\/wp\/v2\/posts\/1338","targetHints":{"allow":["GET"]}}],"collection":[{"href":"http:\/\/blogg.varldenidag.se\/musik\/wp-json\/wp\/v2\/posts"}],"about":[{"href":"http:\/\/blogg.varldenidag.se\/musik\/wp-json\/wp\/v2\/types\/post"}],"author":[{"embeddable":true,"href":"http:\/\/blogg.varldenidag.se\/musik\/wp-json\/wp\/v2\/users\/15"}],"replies":[{"embeddable":true,"href":"http:\/\/blogg.varldenidag.se\/musik\/wp-json\/wp\/v2\/comments?post=1338"}],"version-history":[{"count":3,"href":"http:\/\/blogg.varldenidag.se\/musik\/wp-json\/wp\/v2\/posts\/1338\/revisions"}],"predecessor-version":[{"id":1355,"href":"http:\/\/blogg.varldenidag.se\/musik\/wp-json\/wp\/v2\/posts\/1338\/revisions\/1355"}],"wp:featuredmedia":[{"embeddable":true,"href":"http:\/\/blogg.varldenidag.se\/musik\/wp-json\/wp\/v2\/media\/1353"}],"wp:attachment":[{"href":"http:\/\/blogg.varldenidag.se\/musik\/wp-json\/wp\/v2\/media?parent=1338"}],"wp:term":[{"taxonomy":"category","embeddable":true,"href":"http:\/\/blogg.varldenidag.se\/musik\/wp-json\/wp\/v2\/categories?post=1338"},{"taxonomy":"post_tag","embeddable":true,"href":"http:\/\/blogg.varldenidag.se\/musik\/wp-json\/wp\/v2\/tags?post=1338"}],"curies":[{"name":"wp","href":"https:\/\/api.w.org\/{rel}","templated":true}]}}