{"id":1293,"date":"2013-04-08T11:30:03","date_gmt":"2013-04-08T09:30:03","guid":{"rendered":"http:\/\/blogg.varldenidag.se\/musik\/?p=1293"},"modified":"2013-04-01T16:17:58","modified_gmt":"2013-04-01T14:17:58","slug":"stryper-vagrar-ge-sig","status":"publish","type":"post","link":"http:\/\/blogg.varldenidag.se\/musik\/stryper-vagrar-ge-sig\/","title":{"rendered":"Stryper v\u00e4grar ge sig"},"content":{"rendered":"<p>Mycket g\u00e5r att s\u00e4ga om rockveteranterna <strong>Stryper <\/strong>som skaffat sig fans i v\u00e4rldens alla h\u00f6rn och l\u00e5ngt utanf\u00f6r CCM-marknaden. I \u00e5r \u00e4r det 30 \u00e5r sedan bandet bildades, \u00e4ven om bandet la av 1992. Men efter elva \u00e5rs uppeh\u00e5ll s\u00e5 fick bandet en ren\u00e4ssans 2003, n\u00e5got som bland annat ledde till spelning bland annat p\u00e5 Gullbrannafestivalen och flera skivsl\u00e4pp. Tja, sedan 2003 har bandet v\u00e4grat ge sig och nu under jubileums\u00e5ret \u00e4r ett nytt album dessutom h\u00e4r. Plattan lanseras med hj\u00e4lp av denna singel, &#8221;Bleeding From Inside Out&#8221;.<\/p>\n<p><a href=\"http:\/\/open.spotify.com\/track\/1Fsvxa0xCqM3U95PJbbrlc\">Stryper \u2013 Bleeding from Inside Out<\/a><\/p>\n<p><a href=\"http:\/\/glowingvibe.files.wordpress.com\/2013\/03\/stryperbleeding.jpg\"><img loading=\"lazy\" decoding=\"async\" class=\"aligncenter\" alt=\"StryperBleeding\" src=\"http:\/\/glowingvibe.files.wordpress.com\/2013\/03\/stryperbleeding.jpg?w=300\" width=\"300\" height=\"300\" \/><\/a><\/p>\n","protected":false},"excerpt":{"rendered":"<p>Mycket g\u00e5r att s\u00e4ga om rockveteranterna Stryper som skaffat sig fans i v\u00e4rldens alla h\u00f6rn och l\u00e5ngt utanf\u00f6r CCM-marknaden. I \u00e5r \u00e4r det 30 \u00e5r sedan bandet [&hellip;]<\/p>\n","protected":false},"author":15,"featured_media":1333,"comment_status":"open","ping_status":"open","sticky":false,"template":"","format":"standard","meta":{"footnotes":"","_links_to":"","_links_to_target":""},"categories":[1],"tags":[311],"class_list":["post-1293","post","type-post","status-publish","format-standard","has-post-thumbnail","hentry","category-musik","tag-stryper"],"_links":{"self":[{"href":"http:\/\/blogg.varldenidag.se\/musik\/wp-json\/wp\/v2\/posts\/1293","targetHints":{"allow":["GET"]}}],"collection":[{"href":"http:\/\/blogg.varldenidag.se\/musik\/wp-json\/wp\/v2\/posts"}],"about":[{"href":"http:\/\/blogg.varldenidag.se\/musik\/wp-json\/wp\/v2\/types\/post"}],"author":[{"embeddable":true,"href":"http:\/\/blogg.varldenidag.se\/musik\/wp-json\/wp\/v2\/users\/15"}],"replies":[{"embeddable":true,"href":"http:\/\/blogg.varldenidag.se\/musik\/wp-json\/wp\/v2\/comments?post=1293"}],"version-history":[{"count":2,"href":"http:\/\/blogg.varldenidag.se\/musik\/wp-json\/wp\/v2\/posts\/1293\/revisions"}],"predecessor-version":[{"id":1334,"href":"http:\/\/blogg.varldenidag.se\/musik\/wp-json\/wp\/v2\/posts\/1293\/revisions\/1334"}],"wp:featuredmedia":[{"embeddable":true,"href":"http:\/\/blogg.varldenidag.se\/musik\/wp-json\/wp\/v2\/media\/1333"}],"wp:attachment":[{"href":"http:\/\/blogg.varldenidag.se\/musik\/wp-json\/wp\/v2\/media?parent=1293"}],"wp:term":[{"taxonomy":"category","embeddable":true,"href":"http:\/\/blogg.varldenidag.se\/musik\/wp-json\/wp\/v2\/categories?post=1293"},{"taxonomy":"post_tag","embeddable":true,"href":"http:\/\/blogg.varldenidag.se\/musik\/wp-json\/wp\/v2\/tags?post=1293"}],"curies":[{"name":"wp","href":"https:\/\/api.w.org\/{rel}","templated":true}]}}