{"id":1263,"date":"2013-03-12T23:39:22","date_gmt":"2013-03-12T22:39:22","guid":{"rendered":"http:\/\/blogg.varldenidag.se\/musik\/?p=1263"},"modified":"2013-03-12T23:41:12","modified_gmt":"2013-03-12T22:41:12","slug":"sa-later-nya-audio-adrenaline","status":"publish","type":"post","link":"http:\/\/blogg.varldenidag.se\/musik\/sa-later-nya-audio-adrenaline\/","title":{"rendered":"S\u00e5 l\u00e5ter nya Audio Adrenaline"},"content":{"rendered":"<p><iframe loading=\"lazy\" src=\"https:\/\/embed.spotify.com\/?uri=spotify:album:1GsXxb6wfJc9UEALgCCyup\" height=\"380\" width=\"300\" frameborder=\"0\"><\/iframe><\/p>\n<p>Idag sl\u00e4pptes <strong>Audio Adrenalines<\/strong> skiva <em>Kings &amp; Queens.<\/em> Skivan markerar p\u00e5 flera s\u00e4tt en nystart f\u00f6r ett av den kristna musikens mest k\u00e4nda varum\u00e4rken sedan b\u00f6rjan av 90-talet. I princip \u00e4r det ett helt nytt band som tar \u00f6ver stafettpinnen. Det frontas nu av f\u00f6re detta <strong>dcTalk<\/strong>-s\u00e5ngaren <strong>Kevin Max<\/strong> som givetvis formar soundet och tar bandet till tidigare outforskade platser rent musikaliskt.<\/p>\n<p>Vi har sedan i h\u00f6stas bevakat detta skivsl\u00e4pp lite extra. Om du har missat n\u00e5got av de tidigare inl\u00e4ggen <a href=\"http:\/\/blogg.varldenidag.se\/musik\/tag\/audio-adrenaline\/\" target=\"_blank\">finns de att l\u00e4sa h\u00e4r<\/a>. <a href=\"http:\/\/blogg.varldenidag.se\/musik\/nya-videos-om-audio-adrenaline\/\" target=\"_blank\">Senast jag skrev<\/a> om dem lade jag med videoklipp med bakom-kulisserna-material om hur skivan kom till. H\u00e4r nedan nedan finns de sista delarna av dokument\u00e4rserien som <a href=\"http:\/\/www.beliefnet.com\/\" target=\"_blank\">Beliefnet<\/a> har gjort.<\/p>\n<div class=\"video-container\"><iframe loading=\"lazy\" title=\"Audio Adrenaline - Episode #5 Meet the Band: Jared Byers\" width=\"500\" height=\"281\" src=\"https:\/\/www.youtube.com\/embed\/33BihnknWqw?feature=oembed\" frameborder=\"0\" allow=\"accelerometer; autoplay; clipboard-write; encrypted-media; gyroscope; picture-in-picture; web-share\" referrerpolicy=\"strict-origin-when-cross-origin\" allowfullscreen><\/iframe><\/div>\n<p>http:\/\/youtu.be\/_xaFDTS9K9I<\/p>\n<div class=\"video-container\"><iframe loading=\"lazy\" title=\"Audio Adrenaline - Episode #7 - Back on Stage\" width=\"500\" height=\"281\" src=\"https:\/\/www.youtube.com\/embed\/cdLNw4HhJCg?feature=oembed\" frameborder=\"0\" allow=\"accelerometer; autoplay; clipboard-write; encrypted-media; gyroscope; picture-in-picture; web-share\" referrerpolicy=\"strict-origin-when-cross-origin\" allowfullscreen><\/iframe><\/div>\n<div class=\"video-container\"><iframe loading=\"lazy\" title=\"Audio Adrenaline - Episode #8 The Photo Shoot Featuring Jeremy Cowart\" width=\"500\" height=\"281\" src=\"https:\/\/www.youtube.com\/embed\/wZ7rtYMRUPA?feature=oembed\" frameborder=\"0\" allow=\"accelerometer; autoplay; clipboard-write; encrypted-media; gyroscope; picture-in-picture; web-share\" referrerpolicy=\"strict-origin-when-cross-origin\" allowfullscreen><\/iframe><\/div>\n<div class=\"video-container\"><iframe loading=\"lazy\" title=\"Audio Adrenaline - Episode #9 - The First Show (Tulsa, OK)\" width=\"500\" height=\"281\" src=\"https:\/\/www.youtube.com\/embed\/i-Nigh24210?feature=oembed\" frameborder=\"0\" allow=\"accelerometer; autoplay; clipboard-write; encrypted-media; gyroscope; picture-in-picture; web-share\" referrerpolicy=\"strict-origin-when-cross-origin\" allowfullscreen><\/iframe><\/div>\n<div class=\"video-container\"><iframe loading=\"lazy\" title=\"Audio Adrenaline - Episode #10 Kevin Max: Fashion Dancer\" width=\"500\" height=\"281\" src=\"https:\/\/www.youtube.com\/embed\/Bnu_BSWIev0?feature=oembed\" frameborder=\"0\" allow=\"accelerometer; autoplay; clipboard-write; encrypted-media; gyroscope; picture-in-picture; web-share\" referrerpolicy=\"strict-origin-when-cross-origin\" allowfullscreen><\/iframe><\/div>\n","protected":false},"excerpt":{"rendered":"<p>Idag sl\u00e4pptes Audio Adrenalines skiva Kings &amp; Queens. Skivan markerar p\u00e5 flera s\u00e4tt en nystart f\u00f6r ett av den kristna musikens mest k\u00e4nda varum\u00e4rken sedan b\u00f6rjan av [&hellip;]<\/p>\n","protected":false},"author":14,"featured_media":1264,"comment_status":"open","ping_status":"open","sticky":false,"template":"","format":"standard","meta":{"footnotes":"","_links_to":"","_links_to_target":""},"categories":[1],"tags":[146],"class_list":["post-1263","post","type-post","status-publish","format-standard","has-post-thumbnail","hentry","category-musik","tag-audio-adrenaline"],"_links":{"self":[{"href":"http:\/\/blogg.varldenidag.se\/musik\/wp-json\/wp\/v2\/posts\/1263","targetHints":{"allow":["GET"]}}],"collection":[{"href":"http:\/\/blogg.varldenidag.se\/musik\/wp-json\/wp\/v2\/posts"}],"about":[{"href":"http:\/\/blogg.varldenidag.se\/musik\/wp-json\/wp\/v2\/types\/post"}],"author":[{"embeddable":true,"href":"http:\/\/blogg.varldenidag.se\/musik\/wp-json\/wp\/v2\/users\/14"}],"replies":[{"embeddable":true,"href":"http:\/\/blogg.varldenidag.se\/musik\/wp-json\/wp\/v2\/comments?post=1263"}],"version-history":[{"count":6,"href":"http:\/\/blogg.varldenidag.se\/musik\/wp-json\/wp\/v2\/posts\/1263\/revisions"}],"predecessor-version":[{"id":1270,"href":"http:\/\/blogg.varldenidag.se\/musik\/wp-json\/wp\/v2\/posts\/1263\/revisions\/1270"}],"wp:featuredmedia":[{"embeddable":true,"href":"http:\/\/blogg.varldenidag.se\/musik\/wp-json\/wp\/v2\/media\/1264"}],"wp:attachment":[{"href":"http:\/\/blogg.varldenidag.se\/musik\/wp-json\/wp\/v2\/media?parent=1263"}],"wp:term":[{"taxonomy":"category","embeddable":true,"href":"http:\/\/blogg.varldenidag.se\/musik\/wp-json\/wp\/v2\/categories?post=1263"},{"taxonomy":"post_tag","embeddable":true,"href":"http:\/\/blogg.varldenidag.se\/musik\/wp-json\/wp\/v2\/tags?post=1263"}],"curies":[{"name":"wp","href":"https:\/\/api.w.org\/{rel}","templated":true}]}}