{"id":1224,"date":"2013-02-23T07:00:20","date_gmt":"2013-02-23T06:00:20","guid":{"rendered":"http:\/\/blogg.varldenidag.se\/musik\/?p=1224"},"modified":"2013-03-12T23:43:19","modified_gmt":"2013-03-12T22:43:19","slug":"idag-galler-det-for-fredenwall-och-myrin","status":"publish","type":"post","link":"http:\/\/blogg.varldenidag.se\/musik\/idag-galler-det-for-fredenwall-och-myrin\/","title":{"rendered":"Idag g\u00e4ller det f\u00f6r Fredenwall och Myrin"},"content":{"rendered":"<p>Ikv\u00e4ll sm\u00e4ller det. Tv\u00e5 kristna l\u00e5tskrivare (kanske finns det fler) presenterar sig f\u00f6r svenska folket i Melodifestivalens sista delfinal. Den f\u00f6rsta \u00e4r Grammyvinnaren <strong>Jonas Myrin<\/strong> som tillsammans med <strong>Peter Kvint<\/strong> har skrivit l\u00e5ten \u201dMust Be Love\u201d som framf\u00f6rs av <strong>Lucia Pi\u00f1era<\/strong>.<\/p>\n<p>Den andra l\u00e5tskrivaren \u00e4r <strong>Terese Fredenwall<\/strong> som t\u00e4vlar med sin egna l\u00e5t \u201dBreaking the Silence\u201d, skriven tillsammans med <strong>Simon Petr\u00e9n<\/strong>.<\/p>\n<p>Vi \u00f6nskar dem b\u00e4gge tv\u00e5 ett stort lycka till!<\/p>\n","protected":false},"excerpt":{"rendered":"<p>Ikv\u00e4ll sm\u00e4ller det. Tv\u00e5 kristna l\u00e5tskrivare (kanske finns det fler) presenterar sig f\u00f6r svenska folket i Melodifestivalens sista delfinal. Den f\u00f6rsta \u00e4r Grammyvinnaren Jonas Myrin som tillsammans [&hellip;]<\/p>\n","protected":false},"author":14,"featured_media":1227,"comment_status":"open","ping_status":"open","sticky":false,"template":"","format":"standard","meta":{"footnotes":"","_links_to":"","_links_to_target":""},"categories":[1],"tags":[290,294,124,293,295,86],"class_list":["post-1224","post","type-post","status-publish","format-standard","has-post-thumbnail","hentry","category-musik","tag-jonas-myrin","tag-lucia-pinera","tag-melodifestivalen","tag-peter-kvint","tag-simon-petren","tag-terese-fredenwall"],"_links":{"self":[{"href":"http:\/\/blogg.varldenidag.se\/musik\/wp-json\/wp\/v2\/posts\/1224","targetHints":{"allow":["GET"]}}],"collection":[{"href":"http:\/\/blogg.varldenidag.se\/musik\/wp-json\/wp\/v2\/posts"}],"about":[{"href":"http:\/\/blogg.varldenidag.se\/musik\/wp-json\/wp\/v2\/types\/post"}],"author":[{"embeddable":true,"href":"http:\/\/blogg.varldenidag.se\/musik\/wp-json\/wp\/v2\/users\/14"}],"replies":[{"embeddable":true,"href":"http:\/\/blogg.varldenidag.se\/musik\/wp-json\/wp\/v2\/comments?post=1224"}],"version-history":[{"count":5,"href":"http:\/\/blogg.varldenidag.se\/musik\/wp-json\/wp\/v2\/posts\/1224\/revisions"}],"predecessor-version":[{"id":1271,"href":"http:\/\/blogg.varldenidag.se\/musik\/wp-json\/wp\/v2\/posts\/1224\/revisions\/1271"}],"wp:featuredmedia":[{"embeddable":true,"href":"http:\/\/blogg.varldenidag.se\/musik\/wp-json\/wp\/v2\/media\/1227"}],"wp:attachment":[{"href":"http:\/\/blogg.varldenidag.se\/musik\/wp-json\/wp\/v2\/media?parent=1224"}],"wp:term":[{"taxonomy":"category","embeddable":true,"href":"http:\/\/blogg.varldenidag.se\/musik\/wp-json\/wp\/v2\/categories?post=1224"},{"taxonomy":"post_tag","embeddable":true,"href":"http:\/\/blogg.varldenidag.se\/musik\/wp-json\/wp\/v2\/tags?post=1224"}],"curies":[{"name":"wp","href":"https:\/\/api.w.org\/{rel}","templated":true}]}}