{"id":1106,"date":"2013-01-29T11:41:40","date_gmt":"2013-01-29T10:41:40","guid":{"rendered":"http:\/\/blogg.varldenidag.se\/musik\/?p=1106"},"modified":"2013-01-28T11:44:08","modified_gmt":"2013-01-28T10:44:08","slug":"musikbloggen-vaxer","status":"publish","type":"post","link":"http:\/\/blogg.varldenidag.se\/musik\/musikbloggen-vaxer\/","title":{"rendered":"Musikbloggen v\u00e4xer!"},"content":{"rendered":"<p><a href=\"http:\/\/blogg.varldenidag.se\/musik\/files\/2013\/01\/mattiasb_avatar-96x961.jpg\"><img loading=\"lazy\" decoding=\"async\" class=\"alignright size-full wp-image-1107\" title=\"mattiasb_avatar-96x96\" src=\"http:\/\/blogg.varldenidag.se\/musik\/files\/2013\/01\/mattiasb_avatar-96x961.jpg\" alt=\"\" width=\"96\" height=\"96\" \/><\/a>I dag kan vi presentera den fantastiskt roliga nyheten att musikskribenten Mattias Backlund kommer att b\u00f6rja skriva f\u00f6r oss h\u00e4r p\u00e5 Musikbloggen. Med sin m\u00e5ng\u00e5riga erfarenhet som recensent kommer han att komma med nya pigga perspektiv p\u00e5 vad som h\u00e4nder inom den kristna musikbranschen.<\/p>\n<p>Mattias har i \u00f6ver tio \u00e5r recenserat skivor (bland annat f\u00f6r V\u00e4rlden idag) och har en bred kunskap om kristna artister och genrerna de \u00e4r aktiva inom. Passionen f\u00f6r musiken mynnade under f\u00f6rra \u00e5ret ut i att han lanserade bloggen <a href=\"http:\/\/glowingvibe.wordpress.com\/\" target=\"_blank\"><strong>Glowing Vibe<\/strong><\/a>. Hans m\u00e5l \u00e4r att f\u00e5 fler att uppt\u00e4cka utbudet av &#8221;grym musik fr\u00e5n kristna artister och grupper&#8221; och att &#8221;ge fler ett alternativ till den musik som idag fyller radio och TV&#8221;.<\/p>\n<p>Till vardags jobbar Mattias som journalist p\u00e5 en lokaltidning. N\u00e4r han \u00e4r hemma tillbringar han tiden med sin 16 m\u00e5nader gamla dotter eller tar sig g\u00e4rna ut p\u00e5 en fisketur.<\/p>\n<p>Mattias favoritband \u00e4r<strong> Needtobreathe<\/strong>. Han beskriver det: &#8221;Mycket b\u00e4ttre \u00e4n s\u00e5 blir det inte!&#8221;<\/p>\n","protected":false},"excerpt":{"rendered":"<p>I dag kan vi presentera den fantastiskt roliga nyheten att musikskribenten Mattias Backlund kommer att b\u00f6rja skriva f\u00f6r oss h\u00e4r p\u00e5 Musikbloggen. Med sin m\u00e5ng\u00e5riga erfarenhet som [&hellip;]<\/p>\n","protected":false},"author":14,"featured_media":0,"comment_status":"open","ping_status":"open","sticky":false,"template":"","format":"standard","meta":{"footnotes":"","_links_to":"","_links_to_target":""},"categories":[1],"tags":[],"class_list":["post-1106","post","type-post","status-publish","format-standard","hentry","category-musik"],"_links":{"self":[{"href":"http:\/\/blogg.varldenidag.se\/musik\/wp-json\/wp\/v2\/posts\/1106","targetHints":{"allow":["GET"]}}],"collection":[{"href":"http:\/\/blogg.varldenidag.se\/musik\/wp-json\/wp\/v2\/posts"}],"about":[{"href":"http:\/\/blogg.varldenidag.se\/musik\/wp-json\/wp\/v2\/types\/post"}],"author":[{"embeddable":true,"href":"http:\/\/blogg.varldenidag.se\/musik\/wp-json\/wp\/v2\/users\/14"}],"replies":[{"embeddable":true,"href":"http:\/\/blogg.varldenidag.se\/musik\/wp-json\/wp\/v2\/comments?post=1106"}],"version-history":[{"count":13,"href":"http:\/\/blogg.varldenidag.se\/musik\/wp-json\/wp\/v2\/posts\/1106\/revisions"}],"predecessor-version":[{"id":1120,"href":"http:\/\/blogg.varldenidag.se\/musik\/wp-json\/wp\/v2\/posts\/1106\/revisions\/1120"}],"wp:attachment":[{"href":"http:\/\/blogg.varldenidag.se\/musik\/wp-json\/wp\/v2\/media?parent=1106"}],"wp:term":[{"taxonomy":"category","embeddable":true,"href":"http:\/\/blogg.varldenidag.se\/musik\/wp-json\/wp\/v2\/categories?post=1106"},{"taxonomy":"post_tag","embeddable":true,"href":"http:\/\/blogg.varldenidag.se\/musik\/wp-json\/wp\/v2\/tags?post=1106"}],"curies":[{"name":"wp","href":"https:\/\/api.w.org\/{rel}","templated":true}]}}