{"id":1066,"date":"2013-01-25T17:00:58","date_gmt":"2013-01-25T16:00:58","guid":{"rendered":"http:\/\/blogg.varldenidag.se\/musik\/?p=1066"},"modified":"2013-01-21T09:19:23","modified_gmt":"2013-01-21T08:19:23","slug":"superduon-borudljungblahd-till-gullbranna","status":"publish","type":"post","link":"http:\/\/blogg.varldenidag.se\/musik\/superduon-borudljungblahd-till-gullbranna\/","title":{"rendered":"Superduon B\u00f8rud\/Ljungblahd till Gullbranna"},"content":{"rendered":"<div><a href=\"http:\/\/blogg.varldenidag.se\/musik\/files\/2013\/01\/borud_ljungblahd-e1358708052202.jpg\"><img loading=\"lazy\" decoding=\"async\" class=\"alignright  wp-image-1068\" src=\"http:\/\/blogg.varldenidag.se\/musik\/files\/2013\/01\/borud_ljungblahd-e1358708052202.jpg\" alt=\"\" width=\"157\" height=\"157\" srcset=\"http:\/\/blogg.varldenidag.se\/musik\/files\/2013\/01\/borud_ljungblahd-e1358708052202.jpg 250w, http:\/\/blogg.varldenidag.se\/musik\/files\/2013\/01\/borud_ljungblahd-e1358708052202-150x150.jpg 150w\" sizes=\"auto, (max-width: 157px) 100vw, 157px\" \/><\/a><strong>Ole B\u00f8ruds<\/strong> och <strong>Samuel Ljungblahds <\/strong>samarbete med julskivan m\u00e5ste ha gett mersmak, f\u00f6r senare i \u00e5r kommer de \u00e5terigen att st\u00e5 p\u00e5 samma scen. Grymt sv\u00e4ng och ett g\u00e4ng goa l\u00e5tar utlovas n\u00e4r de i sommar upptr\u00e4der p\u00e5 Gullbrannafestivalen.<\/p>\n<p>Hm&#8230; Var det n\u00e5gon mer \u00e4n jag som fick \u00e4nnu en anledning att \u00e5ka till Halmstad i sommar?<\/p><\/div>\n","protected":false},"excerpt":{"rendered":"<p>Ole B\u00f8ruds och Samuel Ljungblahds samarbete med julskivan m\u00e5ste ha gett mersmak, f\u00f6r senare i \u00e5r kommer de \u00e5terigen att st\u00e5 p\u00e5 samma scen. Grymt sv\u00e4ng och [&hellip;]<\/p>\n","protected":false},"author":14,"featured_media":1068,"comment_status":"open","ping_status":"open","sticky":false,"template":"","format":"standard","meta":{"footnotes":"","_links_to":"","_links_to_target":""},"categories":[1],"tags":[213,125],"class_list":["post-1066","post","type-post","status-publish","format-standard","has-post-thumbnail","hentry","category-musik","tag-ole-borud","tag-samuel-ljungblahd"],"_links":{"self":[{"href":"http:\/\/blogg.varldenidag.se\/musik\/wp-json\/wp\/v2\/posts\/1066","targetHints":{"allow":["GET"]}}],"collection":[{"href":"http:\/\/blogg.varldenidag.se\/musik\/wp-json\/wp\/v2\/posts"}],"about":[{"href":"http:\/\/blogg.varldenidag.se\/musik\/wp-json\/wp\/v2\/types\/post"}],"author":[{"embeddable":true,"href":"http:\/\/blogg.varldenidag.se\/musik\/wp-json\/wp\/v2\/users\/14"}],"replies":[{"embeddable":true,"href":"http:\/\/blogg.varldenidag.se\/musik\/wp-json\/wp\/v2\/comments?post=1066"}],"version-history":[{"count":7,"href":"http:\/\/blogg.varldenidag.se\/musik\/wp-json\/wp\/v2\/posts\/1066\/revisions"}],"predecessor-version":[{"id":1078,"href":"http:\/\/blogg.varldenidag.se\/musik\/wp-json\/wp\/v2\/posts\/1066\/revisions\/1078"}],"wp:featuredmedia":[{"embeddable":true,"href":"http:\/\/blogg.varldenidag.se\/musik\/wp-json\/wp\/v2\/media\/1068"}],"wp:attachment":[{"href":"http:\/\/blogg.varldenidag.se\/musik\/wp-json\/wp\/v2\/media?parent=1066"}],"wp:term":[{"taxonomy":"category","embeddable":true,"href":"http:\/\/blogg.varldenidag.se\/musik\/wp-json\/wp\/v2\/categories?post=1066"},{"taxonomy":"post_tag","embeddable":true,"href":"http:\/\/blogg.varldenidag.se\/musik\/wp-json\/wp\/v2\/tags?post=1066"}],"curies":[{"name":"wp","href":"https:\/\/api.w.org\/{rel}","templated":true}]}}