{"id":1060,"date":"2013-01-24T17:00:55","date_gmt":"2013-01-24T16:00:55","guid":{"rendered":"http:\/\/blogg.varldenidag.se\/musik\/?p=1060"},"modified":"2013-01-25T18:04:40","modified_gmt":"2013-01-25T17:04:40","slug":"tva-latar-med-frida-sundemo","status":"publish","type":"post","link":"http:\/\/blogg.varldenidag.se\/musik\/tva-latar-med-frida-sundemo\/","title":{"rendered":"Tv\u00e5 l\u00e5tar med Frida Sundemo"},"content":{"rendered":"<p>G\u00f6teborgstjejen (nu Stockholmaren) <strong>Frida Sundemo<\/strong> g\u00f6r svensk pop n\u00e4r den \u00e4r som b\u00e4st. Melodi\u00f6s, genomt\u00e4nkt och v\u00e4lproducerad.<\/p>\n<p>Hon \u00e4r redan stor i Japan men kanske kan den kommande EP:n <em>Indigo<\/em> g\u00f6ra att hennes musik n\u00e5r ut till en bred publik \u00e4ven h\u00e4r p\u00e5 hemmaplan. Med p\u00e5 skivan kommer bland annat l\u00e5tarna &#8221;Indigo&#8221; och &#8221;Snow&#8221; finnas med. Jag tycker mig h\u00f6ra inspiration fr\u00e5n b\u00e5de <strong>Robyn<\/strong> och <strong>Jonathan Johansson<\/strong> men den \u00e4r samtidigt starkt f\u00e4rgad av hennes egna harmonier.<\/p>\n<div class=\"video-container\"><iframe loading=\"lazy\" title=\"Frida Sundemo - Indigo (Official Music Video)\" width=\"500\" height=\"281\" src=\"https:\/\/www.youtube.com\/embed\/gMlbEm45kGo?feature=oembed\" frameborder=\"0\" allow=\"accelerometer; autoplay; clipboard-write; encrypted-media; gyroscope; picture-in-picture; web-share\" referrerpolicy=\"strict-origin-when-cross-origin\" allowfullscreen><\/iframe><\/div>\n","protected":false},"excerpt":{"rendered":"<p>G\u00f6teborgstjejen (nu Stockholmaren) Frida Sundemo g\u00f6r svensk pop n\u00e4r den \u00e4r som b\u00e4st. Melodi\u00f6s, genomt\u00e4nkt och v\u00e4lproducerad. Hon \u00e4r redan stor i Japan men kanske kan den [&hellip;]<\/p>\n","protected":false},"author":14,"featured_media":1063,"comment_status":"open","ping_status":"open","sticky":false,"template":"","format":"standard","meta":{"footnotes":"","_links_to":"","_links_to_target":""},"categories":[1],"tags":[80,75,266],"class_list":["post-1060","post","type-post","status-publish","format-standard","has-post-thumbnail","hentry","category-musik","tag-frida-sundemo","tag-jonathan-johansson","tag-robyn"],"_links":{"self":[{"href":"http:\/\/blogg.varldenidag.se\/musik\/wp-json\/wp\/v2\/posts\/1060","targetHints":{"allow":["GET"]}}],"collection":[{"href":"http:\/\/blogg.varldenidag.se\/musik\/wp-json\/wp\/v2\/posts"}],"about":[{"href":"http:\/\/blogg.varldenidag.se\/musik\/wp-json\/wp\/v2\/types\/post"}],"author":[{"embeddable":true,"href":"http:\/\/blogg.varldenidag.se\/musik\/wp-json\/wp\/v2\/users\/14"}],"replies":[{"embeddable":true,"href":"http:\/\/blogg.varldenidag.se\/musik\/wp-json\/wp\/v2\/comments?post=1060"}],"version-history":[{"count":6,"href":"http:\/\/blogg.varldenidag.se\/musik\/wp-json\/wp\/v2\/posts\/1060\/revisions"}],"predecessor-version":[{"id":1104,"href":"http:\/\/blogg.varldenidag.se\/musik\/wp-json\/wp\/v2\/posts\/1060\/revisions\/1104"}],"wp:featuredmedia":[{"embeddable":true,"href":"http:\/\/blogg.varldenidag.se\/musik\/wp-json\/wp\/v2\/media\/1063"}],"wp:attachment":[{"href":"http:\/\/blogg.varldenidag.se\/musik\/wp-json\/wp\/v2\/media?parent=1060"}],"wp:term":[{"taxonomy":"category","embeddable":true,"href":"http:\/\/blogg.varldenidag.se\/musik\/wp-json\/wp\/v2\/categories?post=1060"},{"taxonomy":"post_tag","embeddable":true,"href":"http:\/\/blogg.varldenidag.se\/musik\/wp-json\/wp\/v2\/tags?post=1060"}],"curies":[{"name":"wp","href":"https:\/\/api.w.org\/{rel}","templated":true}]}}