{"id":1047,"date":"2013-01-23T17:00:55","date_gmt":"2013-01-23T16:00:55","guid":{"rendered":"http:\/\/blogg.varldenidag.se\/musik\/?p=1047"},"modified":"2013-01-20T18:49:47","modified_gmt":"2013-01-20T17:49:47","slug":"bakom-kulisserna-med-salvador","status":"publish","type":"post","link":"http:\/\/blogg.varldenidag.se\/musik\/bakom-kulisserna-med-salvador\/","title":{"rendered":"Bakom kulisserna med Salvador"},"content":{"rendered":"<p>Den 26 februari sl\u00e4pps <strong>Salvadors<\/strong> nya skiva <em>Make Some Noise<\/em>. Vad man kan v\u00e4nta sig \u00e4r nog en blanding av stilar framf\u00f6rd med h\u00f6g spelskicklighet. Helt s\u00e4kert en hel del latinamerikanska inslag.<\/p>\n<p>Det roliga \u00e4r att det finns ett gyllene tillf\u00e4lle att h\u00f6ra dem live i Sverige i \u00e5r. De kommer n\u00e4mligen till Gullbranna i sommar.<\/p>\n","protected":false},"excerpt":{"rendered":"<p>Den 26 februari sl\u00e4pps Salvadors nya skiva Make Some Noise. Vad man kan v\u00e4nta sig \u00e4r nog en blanding av stilar framf\u00f6rd med h\u00f6g spelskicklighet. Helt s\u00e4kert [&hellip;]<\/p>\n","protected":false},"author":14,"featured_media":1048,"comment_status":"open","ping_status":"open","sticky":false,"template":"","format":"standard","meta":{"footnotes":"","_links_to":"","_links_to_target":""},"categories":[1],"tags":[253],"class_list":["post-1047","post","type-post","status-publish","format-standard","has-post-thumbnail","hentry","category-musik","tag-salvador"],"_links":{"self":[{"href":"http:\/\/blogg.varldenidag.se\/musik\/wp-json\/wp\/v2\/posts\/1047","targetHints":{"allow":["GET"]}}],"collection":[{"href":"http:\/\/blogg.varldenidag.se\/musik\/wp-json\/wp\/v2\/posts"}],"about":[{"href":"http:\/\/blogg.varldenidag.se\/musik\/wp-json\/wp\/v2\/types\/post"}],"author":[{"embeddable":true,"href":"http:\/\/blogg.varldenidag.se\/musik\/wp-json\/wp\/v2\/users\/14"}],"replies":[{"embeddable":true,"href":"http:\/\/blogg.varldenidag.se\/musik\/wp-json\/wp\/v2\/comments?post=1047"}],"version-history":[{"count":5,"href":"http:\/\/blogg.varldenidag.se\/musik\/wp-json\/wp\/v2\/posts\/1047\/revisions"}],"predecessor-version":[{"id":1053,"href":"http:\/\/blogg.varldenidag.se\/musik\/wp-json\/wp\/v2\/posts\/1047\/revisions\/1053"}],"wp:featuredmedia":[{"embeddable":true,"href":"http:\/\/blogg.varldenidag.se\/musik\/wp-json\/wp\/v2\/media\/1048"}],"wp:attachment":[{"href":"http:\/\/blogg.varldenidag.se\/musik\/wp-json\/wp\/v2\/media?parent=1047"}],"wp:term":[{"taxonomy":"category","embeddable":true,"href":"http:\/\/blogg.varldenidag.se\/musik\/wp-json\/wp\/v2\/categories?post=1047"},{"taxonomy":"post_tag","embeddable":true,"href":"http:\/\/blogg.varldenidag.se\/musik\/wp-json\/wp\/v2\/tags?post=1047"}],"curies":[{"name":"wp","href":"https:\/\/api.w.org\/{rel}","templated":true}]}}