{"id":1042,"date":"2013-01-22T17:00:59","date_gmt":"2013-01-22T16:00:59","guid":{"rendered":"http:\/\/blogg.varldenidag.se\/musik\/?p=1042"},"modified":"2013-01-20T18:21:35","modified_gmt":"2013-01-20T17:21:35","slug":"musikvideo-till-switchfoot-lat","status":"publish","type":"post","link":"http:\/\/blogg.varldenidag.se\/musik\/musikvideo-till-switchfoot-lat\/","title":{"rendered":"Musikvideo till Switchfoot-l\u00e5t"},"content":{"rendered":"<p>Jag t\u00e4nkte att <strong>Switchfoot<\/strong> var v\u00e4rda \u00e4nnu ett inl\u00e4gg med tanke p\u00e5 att de har sl\u00e4ppt en musikvideo till sin l\u00e5t &#8221;The original&#8221; (i vilken de till skillnad fr\u00e5n dokument\u00e4ren som de jobbar med, inte syns till \u00f6verhuvudtaget).<\/p>\n<p>Jo, och en annan sak approp\u00e5 Switchfoot (f\u00f6r att att det nu inte ska bli ett nytt inl\u00e4gg om dem imorgon&#8230;) \u00e4r att deras s\u00e5ngare <strong>Jon Foreman<\/strong> snart \u00e5ker ut p\u00e5 en turn\u00e9 med sidoprojektsbandet<strong> Fiction Family<\/strong>. Bandet best\u00e5r av <strong>Nickel Creek<\/strong> gitarristen <strong>Sean Watkins<\/strong>, <strong>Tyler Chester<\/strong> (bas) och <strong>Aaron Redfield<\/strong> (trummor). Jon har som vanligt m\u00e5nga j\u00e4rn i elden.<\/p>\n","protected":false},"excerpt":{"rendered":"<p>Jag t\u00e4nkte att Switchfoot var v\u00e4rda \u00e4nnu ett inl\u00e4gg med tanke p\u00e5 att de har sl\u00e4ppt en musikvideo till sin l\u00e5t &#8221;The original&#8221; (i vilken de till [&hellip;]<\/p>\n","protected":false},"author":14,"featured_media":1044,"comment_status":"open","ping_status":"open","sticky":false,"template":"","format":"standard","meta":{"footnotes":"","_links_to":"","_links_to_target":""},"categories":[1],"tags":[252,248,249,250,9,251],"class_list":["post-1042","post","type-post","status-publish","format-standard","has-post-thumbnail","hentry","category-musik","tag-aaron-redfield","tag-fiction-family","tag-nickel-creek","tag-sean-watkins","tag-switchfoot","tag-tyler-chester"],"_links":{"self":[{"href":"http:\/\/blogg.varldenidag.se\/musik\/wp-json\/wp\/v2\/posts\/1042","targetHints":{"allow":["GET"]}}],"collection":[{"href":"http:\/\/blogg.varldenidag.se\/musik\/wp-json\/wp\/v2\/posts"}],"about":[{"href":"http:\/\/blogg.varldenidag.se\/musik\/wp-json\/wp\/v2\/types\/post"}],"author":[{"embeddable":true,"href":"http:\/\/blogg.varldenidag.se\/musik\/wp-json\/wp\/v2\/users\/14"}],"replies":[{"embeddable":true,"href":"http:\/\/blogg.varldenidag.se\/musik\/wp-json\/wp\/v2\/comments?post=1042"}],"version-history":[{"count":3,"href":"http:\/\/blogg.varldenidag.se\/musik\/wp-json\/wp\/v2\/posts\/1042\/revisions"}],"predecessor-version":[{"id":1046,"href":"http:\/\/blogg.varldenidag.se\/musik\/wp-json\/wp\/v2\/posts\/1042\/revisions\/1046"}],"wp:featuredmedia":[{"embeddable":true,"href":"http:\/\/blogg.varldenidag.se\/musik\/wp-json\/wp\/v2\/media\/1044"}],"wp:attachment":[{"href":"http:\/\/blogg.varldenidag.se\/musik\/wp-json\/wp\/v2\/media?parent=1042"}],"wp:term":[{"taxonomy":"category","embeddable":true,"href":"http:\/\/blogg.varldenidag.se\/musik\/wp-json\/wp\/v2\/categories?post=1042"},{"taxonomy":"post_tag","embeddable":true,"href":"http:\/\/blogg.varldenidag.se\/musik\/wp-json\/wp\/v2\/tags?post=1042"}],"curies":[{"name":"wp","href":"https:\/\/api.w.org\/{rel}","templated":true}]}}