{"id":1037,"date":"2013-01-21T17:00:42","date_gmt":"2013-01-21T16:00:42","guid":{"rendered":"http:\/\/blogg.varldenidag.se\/musik\/?p=1037"},"modified":"2013-01-20T17:54:37","modified_gmt":"2013-01-20T16:54:37","slug":"teaser-for-switchfoot-dokumentar","status":"publish","type":"post","link":"http:\/\/blogg.varldenidag.se\/musik\/teaser-for-switchfoot-dokumentar\/","title":{"rendered":"Teaser f\u00f6r Switchfoot-dokument\u00e4r"},"content":{"rendered":"<p>Jag kan inte minnas om jag har n\u00e4mnt det h\u00e4r p\u00e5 bloggen tidigare men <strong>Switchfoot<\/strong> h\u00e5ller p\u00e5 att f\u00e4rdigst\u00e4lla en film om sig sj\u00e4lva. De skriver <a href=\"http:\/\/www.switchfoot.com\/switchfoot\/blog-article\/news\/586\/\" target=\"_blank\">p\u00e5 sin hemsida<\/a> att det blir en dokument\u00e4r om musik, surfande (i ordets ursprungliga betydelse) och om processen att spela in \u00e5tta album tillsammans. Just nu jobbar de framf\u00f6rallt med soundtracket.<\/p>\n<p>I slutet av f\u00f6rra veckan d\u00f6k det upp en teaser f\u00f6r filmen. De passade ocks\u00e5 p\u00e5 att utlova mer material i form av trailers och bakom-kulisserna-material fram tills filmen har premi\u00e4r n\u00e5gon g\u00e5ng i mitten av \u00e5ret (L\u00e4ngtar!).<\/p>\n","protected":false},"excerpt":{"rendered":"<p>Jag kan inte minnas om jag har n\u00e4mnt det h\u00e4r p\u00e5 bloggen tidigare men Switchfoot h\u00e5ller p\u00e5 att f\u00e4rdigst\u00e4lla en film om sig sj\u00e4lva. De skriver p\u00e5 [&hellip;]<\/p>\n","protected":false},"author":14,"featured_media":1039,"comment_status":"open","ping_status":"open","sticky":false,"template":"","format":"standard","meta":{"footnotes":"","_links_to":"","_links_to_target":""},"categories":[1],"tags":[9],"class_list":["post-1037","post","type-post","status-publish","format-standard","has-post-thumbnail","hentry","category-musik","tag-switchfoot"],"_links":{"self":[{"href":"http:\/\/blogg.varldenidag.se\/musik\/wp-json\/wp\/v2\/posts\/1037","targetHints":{"allow":["GET"]}}],"collection":[{"href":"http:\/\/blogg.varldenidag.se\/musik\/wp-json\/wp\/v2\/posts"}],"about":[{"href":"http:\/\/blogg.varldenidag.se\/musik\/wp-json\/wp\/v2\/types\/post"}],"author":[{"embeddable":true,"href":"http:\/\/blogg.varldenidag.se\/musik\/wp-json\/wp\/v2\/users\/14"}],"replies":[{"embeddable":true,"href":"http:\/\/blogg.varldenidag.se\/musik\/wp-json\/wp\/v2\/comments?post=1037"}],"version-history":[{"count":3,"href":"http:\/\/blogg.varldenidag.se\/musik\/wp-json\/wp\/v2\/posts\/1037\/revisions"}],"predecessor-version":[{"id":1041,"href":"http:\/\/blogg.varldenidag.se\/musik\/wp-json\/wp\/v2\/posts\/1037\/revisions\/1041"}],"wp:featuredmedia":[{"embeddable":true,"href":"http:\/\/blogg.varldenidag.se\/musik\/wp-json\/wp\/v2\/media\/1039"}],"wp:attachment":[{"href":"http:\/\/blogg.varldenidag.se\/musik\/wp-json\/wp\/v2\/media?parent=1037"}],"wp:term":[{"taxonomy":"category","embeddable":true,"href":"http:\/\/blogg.varldenidag.se\/musik\/wp-json\/wp\/v2\/categories?post=1037"},{"taxonomy":"post_tag","embeddable":true,"href":"http:\/\/blogg.varldenidag.se\/musik\/wp-json\/wp\/v2\/tags?post=1037"}],"curies":[{"name":"wp","href":"https:\/\/api.w.org\/{rel}","templated":true}]}}